{"id":6114,"date":"2023-08-09T00:49:22","date_gmt":"2023-08-09T00:49:22","guid":{"rendered":"https:\/\/hnd.mirex.gob.do\/consular\/san-pedro-sula\/?p=6114"},"modified":"2023-08-10T15:12:59","modified_gmt":"2023-08-10T15:12:59","slug":"mirex-y-prodominicana-promueven-oportunidades-de-inversion-entre-empresarios-de-republica-dominicana-y-guyana","status":"publish","type":"post","link":"https:\/\/hnd.mirex.gob.do\/consular\/san-pedro-sula\/mirex-y-prodominicana-promueven-oportunidades-de-inversion-entre-empresarios-de-republica-dominicana-y-guyana\/","title":{"rendered":"MIREX y ProDominicana promueven oportunidades de inversi\u00f3n entre empresarios de Rep\u00fablica Dominicana y Guyana"},"content":{"rendered":"<div class=\"s10\"><span class=\"s9\"><span class=\"bumpedFont15\">Empresarios<\/span><\/span><span class=\"s9\"><span class=\"bumpedFont15\"> de ambos pa\u00edses<\/span><\/span><span class=\"s9\"><span class=\"bumpedFont15\"> del sector construcci\u00f3n, turismo, agricultura y energ\u00eda<\/span><\/span><span class=\"s9\"><span class=\"bumpedFont15\"> tuvieron un<\/span><\/span> <span class=\"s9\"><span class=\"bumpedFont15\">i<\/span><\/span><span class=\"s9\"><span class=\"bumpedFont15\">nte<\/span><\/span><span class=\"s9\"><span class=\"bumpedFont15\">rcambio sobre<\/span><\/span> <span class=\"s9\"><span class=\"bumpedFont15\">las oportunidades en los<\/span><\/span><span class=\"s9\"><span class=\"bumpedFont15\"> mercado<\/span><\/span><span class=\"s9\"><span class=\"bumpedFont15\">s<\/span><\/span><span class=\"s9\"><span class=\"bumpedFont15\">.<\/span><\/span><\/div>\n<p class=\"s11\">\n<p class=\"s15\"><span class=\"s12\"><span class=\"bumpedFont15\">Santo Domingo, Rep\u00fablica Dominicana.-<\/span><\/span> <span class=\"s14\"><span class=\"bumpedFont15\">E<\/span><\/span><span class=\"s14\"><span class=\"bumpedFont15\">n el <\/span><\/span><span class=\"s14\"><span class=\"bumpedFont15\">marco de la <\/span><\/span><span class=\"s14\"><span class=\"bumpedFont15\">visita oficial del presidente de la Rep\u00fablica Cooperativa de Guyana, <\/span><\/span><span class=\"s14\"><span class=\"bumpedFont15\">Mohamed Irfaan Al<\/span><\/span><span class=\"s14\"><span class=\"bumpedFont15\">i<\/span><\/span><span class=\"s14\"><span class=\"bumpedFont15\">, el Ministerio de Relaciones Exteriores<\/span><\/span><span class=\"s14\"><span class=\"bumpedFont15\">, <\/span><\/span><span class=\"s14\"><span class=\"bumpedFont15\">en con<\/span><\/span><span class=\"s14\"><span class=\"bumpedFont15\">junto<\/span><\/span><span class=\"s14\"><span class=\"bumpedFont15\"> con <\/span><\/span><span class=\"s14\"><span class=\"bumpedFont15\">el <\/span><\/span><span class=\"s14\"><span class=\"bumpedFont15\">Centro de Exportaci\u00f3n e Inversi\u00f3n de la Rep<\/span><\/span><span class=\"s14\"><span class=\"bumpedFont15\">\u00fa<\/span><\/span><span class=\"s14\"><span class=\"bumpedFont15\">blica Dominicana (<\/span><\/span><span class=\"s14\"><span class=\"bumpedFont15\">ProDominicana<\/span><\/span><span class=\"s14\"><span class=\"bumpedFont15\">), <\/span><\/span><span class=\"s14\"><span class=\"bumpedFont15\">realiz<\/span><\/span><span class=\"s14\"><span class=\"bumpedFont15\">\u00f3<\/span><\/span><span class=\"s14\"><span class=\"bumpedFont15\"> un encuentro entre empresarios dominicanos y guyaneses <\/span><\/span><span class=\"s14\"><span class=\"bumpedFont15\">con el prop\u00f3sito <\/span><\/span><span class=\"s14\"><span class=\"bumpedFont15\">de<\/span><\/span><span class=\"s14\"><span class=\"bumpedFont15\"> establecer v\u00ednculos y <\/span><\/span><span class=\"s14\"><span class=\"bumpedFont15\">oportunidades de inversi\u00f3n\u00a0<\/span><\/span><span class=\"s14\"><span class=\"bumpedFont15\">entre<\/span><\/span> <span class=\"s14\"><span class=\"bumpedFont15\">ambos<\/span><\/span><span class=\"s14\"><span class=\"bumpedFont15\"> pa\u00eds<\/span><\/span><span class=\"s14\"><span class=\"bumpedFont15\">es<\/span><\/span><span class=\"s14\"><span class=\"bumpedFont15\">.<img fetchpriority=\"high\" decoding=\"async\" class=\"alignnone size-medium wp-image-15859\" src=\"https:\/\/hnd.mirex.gob.do\/consular\/san-pedro-sula\/wp-content\/uploads\/2023\/08\/21C7048B-BE95-42FD-B2A5-EE4C486ECD0F-1.jpeg\" alt=\"\" width=\"300\" height=\"200\" \/> <\/span><\/span><\/p>\n<p class=\"s15\"><span class=\"s14\"><span class=\"bumpedFont15\">El <\/span><\/span><span class=\"s14\"><span class=\"bumpedFont15\">canciller Roberto \u00c1lvarez y la <\/span><\/span><span class=\"s14\"><span class=\"bumpedFont15\">m<\/span><\/span><span class=\"s14\"><span class=\"bumpedFont15\">inistra de Turismo, Industria y Comercio de Guyana<\/span><\/span><span class=\"s14\"><span class=\"bumpedFont15\">, <\/span><\/span><span class=\"s14\"><span class=\"bumpedFont15\">Oneidge Walrond, <\/span><\/span><span class=\"s14\"><span class=\"bumpedFont15\">propici<\/span><\/span><span class=\"s14\"><span class=\"bumpedFont15\">aron<\/span><\/span> <span class=\"s14\"><span class=\"bumpedFont15\">un<\/span><\/span><span class=\"s14\"><span class=\"bumpedFont15\">a reuni\u00f3n <\/span><\/span><span class=\"s14\"><span class=\"bumpedFont15\">conjunt<\/span><\/span><span class=\"s14\"><span class=\"bumpedFont15\">a<\/span><\/span> <span class=\"s14\"><span class=\"bumpedFont15\">ampliada <\/span><\/span><span class=\"s14\"><span class=\"bumpedFont15\">y <\/span><\/span><span class=\"s14\"><span class=\"bumpedFont15\">reuniones <\/span><\/span><span class=\"s14\"><span class=\"bumpedFont15\">sectorizadas cerradas <\/span><\/span><span class=\"s14\"><span class=\"bumpedFont15\">entre empresario<\/span><\/span><span class=\"s14\"><span class=\"bumpedFont15\">s<\/span><\/span><span class=\"s14\"><span class=\"bumpedFont15\"> del sector construcci\u00f3n, turismo, agricultura<\/span><\/span><span class=\"s14\"><span class=\"bumpedFont15\">, <\/span><\/span><span class=\"s14\"><span class=\"bumpedFont15\">energ\u00eda<\/span><\/span><span class=\"s14\"><span class=\"bumpedFont15\"> y de otras \u00e1reas<\/span><\/span><span class=\"s14\"><span class=\"bumpedFont15\"> tendentes a dinamizar las relaciones comerciales <\/span><\/span><span class=\"s14\"><span class=\"bumpedFont15\">de ambas naciones.<\/span><\/span><\/p>\n<p class=\"s15\"><span class=\"s14\"><span class=\"bumpedFont15\">El presidente<\/span><\/span> <span class=\"s14\"><span class=\"bumpedFont15\">Ali<\/span><\/span><span class=\"s14\"><span class=\"bumpedFont15\"> ofreci\u00f3 amplias declaraciones, manifestando<\/span><\/span><span class=\"s14\"><span class=\"bumpedFont15\">que la Rep\u00fablica Cooperativa de Guyana est\u00e1 abierta para los negocios<\/span><\/span><span class=\"s14\"><span class=\"bumpedFont15\"> e<\/span><\/span><span class=\"s14\"><span class=\"bumpedFont15\"> invit<\/span><\/span><span class=\"s14\"><span class=\"bumpedFont15\">\u00f3<\/span><\/span><span class=\"s14\"><span class=\"bumpedFont15\"> a los empresarios dominicanos a<\/span><\/span><span class=\"s14\"><span class=\"bumpedFont15\"> explorar oportunidades <\/span><\/span><span class=\"s14\"><span class=\"bumpedFont15\">comerciales<\/span><\/span><span class=\"s14\"><span class=\"bumpedFont15\">. Adem\u00e1s, el mandatario se\u00f1al\u00f3 que <\/span><\/span><span class=\"s14\"><span class=\"bumpedFont15\">su<\/span><\/span><span class=\"s14\"><span class=\"bumpedFont15\"> pa\u00eds cuenta con importantes exenciones fiscales y trabajan para reducir los costos energ\u00e9ticos, a los fines de facilitar la instalaci\u00f3n de nuevas industrias<\/span><\/span><span class=\"s14\"><span class=\"bumpedFont15\"> en territorio guyan\u00e9s<\/span><\/span><span class=\"s14\"><span class=\"bumpedFont15\">.<\/span><\/span><span class=\"s14\"><span class=\"bumpedFont15\"> Esto, al tiempo de que <\/span><\/span><span class=\"s14\"><span class=\"bumpedFont15\">respondi\u00f3 preguntas del p\u00fablico.<\/span><\/span><\/p>\n<p class=\"s15\"><span class=\"s14\"><span class=\"bumpedFont15\">De su lado, el ministro \u00c1lvarez<\/span><\/span><span class=\"s14\"><span class=\"bumpedFont15\"> dijo en este encuentro que<\/span><\/span> <span class=\"s14\"><span class=\"bumpedFont15\">la hist\u00f3rica visita a Guyana del <\/span><\/span><span class=\"s14\"><span class=\"bumpedFont15\">p<\/span><\/span><span class=\"s14\"><span class=\"bumpedFont15\">residente <\/span><\/span><span class=\"s14\"><span class=\"bumpedFont15\">Luis <\/span><\/span><span class=\"s14\"><span class=\"bumpedFont15\">Abinader ha abierto las puertas para que Rep\u00fablica Dominicana se encamine a fortalecer sus relaciones con todos y cada uno de sus socios del Caribe, ampliando los espacios de cooperaci\u00f3n y cimentado un comercio m\u00e1s din\u00e1mico en el que las exportaciones e importaciones en ambos sentidos redunden en el crecimiento del sector empresarial, en avances econ\u00f3micos para <\/span><\/span><span class=\"s14\"><span class=\"bumpedFont15\">ambas<\/span><\/span><span class=\"s14\"><span class=\"bumpedFont15\"> naciones y en el bienestar integral de <\/span><\/span><span class=\"s14\"><span class=\"bumpedFont15\">sus<\/span><\/span><span class=\"s14\"><span class=\"bumpedFont15\"> pueblos.<img decoding=\"async\" class=\"alignnone size-medium wp-image-15860\" src=\"https:\/\/hnd.mirex.gob.do\/consular\/san-pedro-sula\/wp-content\/uploads\/2023\/08\/7757CCFC-F9D6-453C-865B-93BBCFD78729-300x193.jpeg\" alt=\"\" width=\"300\" height=\"193\" \/> <\/span><\/span><\/p>\n<p class=\"s15\"><span class=\"s14\"><span class=\"bumpedFont15\">Dijo que, <\/span><\/span><span class=\"s14\"><span class=\"bumpedFont15\">\u201c<\/span><\/span><span class=\"s14\"><span class=\"bumpedFont15\">En esta l\u00ednea, <\/span><\/span><span class=\"s14\"><span class=\"bumpedFont15\">el pa\u00eds <\/span><\/span><span class=\"s14\"><span class=\"bumpedFont15\">puede constituirse, por ejemplo, en un socio estrat\u00e9gico en la iniciativa 25 para 2025 que busca colaborar en la reducci\u00f3n de la importaci\u00f3n extrarregional de alimentos en el Caribe, es decir, disminuir la factura de importaci\u00f3n de alimentos de 5 mil millones de d\u00f3lares de la regi\u00f3n en un 25 por ciento para 2025. Felicitamos de manera particular al presidente de Guyana, Mohamed Irfaan Ali, por ser el gestor e impulsor de esta iniciativa<\/span><\/span><span class=\"s14\"><span class=\"bumpedFont15\">\u201d<\/span><\/span><span class=\"s14\"><span class=\"bumpedFont15\">. <\/span><\/span><\/p>\n<p class=\"s15\"><span class=\"s14\"><span class=\"bumpedFont15\">Durante e<\/span><\/span><span class=\"s14\"><span class=\"bumpedFont15\">l desarrollo del programa <\/span><\/span><span class=\"s14\"><span class=\"bumpedFont15\">de la actividad, <\/span><\/span><span class=\"s14\"><span class=\"bumpedFont15\">Biviana Riveiro, <\/span><\/span><span class=\"s14\"><span class=\"bumpedFont15\">d<\/span><\/span><span class=\"s14\"><span class=\"bumpedFont15\">irectora <\/span><\/span><span class=\"s14\"><span class=\"bumpedFont15\">e<\/span><\/span><span class=\"s14\"><span class=\"bumpedFont15\">jecutiva de ProDominicana y su hom\u00f3logo <\/span><\/span><span class=\"s14\"><span class=\"bumpedFont15\">de Guyana, <\/span><\/span><span class=\"s14\"><span class=\"bumpedFont15\">Peter Ramsaroop, <\/span><\/span><span class=\"s14\"><span class=\"bumpedFont15\">gestionaron la distribuci\u00f3n de <\/span><\/span><span class=\"s14\"><span class=\"bumpedFont15\">paquetes de informaci\u00f3n sobre las oportunidades de inversi\u00f3n y c\u00f3mo hacer negocios en ambos pa\u00edses. Adem\u00e1s<\/span><\/span><span class=\"s14\"><span class=\"bumpedFont15\">,<\/span><\/span> <span class=\"s14\"><span class=\"bumpedFont15\">se present\u00f3 la<\/span><\/span><span class=\"s14\"><span class=\"bumpedFont15\">participaci\u00f3n especial de Celso Marranzini, <\/span><\/span><span class=\"s14\"><span class=\"bumpedFont15\">p<\/span><\/span><span class=\"s14\"><span class=\"bumpedFont15\">residente del C<\/span><\/span><span class=\"s14\"><span class=\"bumpedFont15\">onsejo <\/span><\/span><span class=\"s14\"><span class=\"bumpedFont15\">N<\/span><\/span><span class=\"s14\"><span class=\"bumpedFont15\">acional de la <\/span><\/span><span class=\"s14\"><span class=\"bumpedFont15\">E<\/span><\/span><span class=\"s14\"><span class=\"bumpedFont15\">mpresa <\/span><\/span><span class=\"s14\"><span class=\"bumpedFont15\">P<\/span><\/span><span class=\"s14\"><span class=\"bumpedFont15\">rivada (CONEP)<\/span><\/span><span class=\"s14\"><span class=\"bumpedFont15\"> y Komal Singh, <\/span><\/span><span class=\"s14\"><span class=\"bumpedFont15\">d<\/span><\/span><span class=\"s14\"><span class=\"bumpedFont15\">irector <\/span><\/span><span class=\"s14\"><span class=\"bumpedFont15\">e<\/span><\/span><span class=\"s14\"><span class=\"bumpedFont15\">jecutivo de la Comisi\u00f3n del Sector Privado de Guyana<\/span><\/span><span class=\"s14\"><span class=\"bumpedFont15\">. <\/span><\/span><\/p>\n<p class=\"s15\"><span class=\"s14\"><span class=\"bumpedFont15\">Con el encuentro celebrado en el <\/span><\/span><span class=\"s14\"><span class=\"bumpedFont15\">Centro de Convenciones del <\/span><\/span><span class=\"s14\"><span class=\"bumpedFont15\">MIREX<\/span><\/span><span class=\"s14\"><span class=\"bumpedFont15\">, no solo se fortalecen las relaciones diplom\u00e1ticas de <\/span><\/span><span class=\"s14\"><span class=\"bumpedFont15\">Rep\u00fablica Dominicana y Guyana<\/span><\/span><span class=\"s14\"><span class=\"bumpedFont15\"> que datan del <\/span><\/span><span class=\"s14\"><span class=\"bumpedFont15\">a\u00f1o 1970<\/span><\/span><span class=\"s14\"><span class=\"bumpedFont15\">; <\/span><\/span><span class=\"s14\"><span class=\"bumpedFont15\">sino <\/span><\/span><span class=\"s14\"><span class=\"bumpedFont15\">tambi\u00e9n se abren las posibilidades de ampliar el comercio, cumpliendo con el eje n\u00famero dos de la pol\u00edtica exterior del Gobierno del presidente Luis Abinader<\/span><\/span><span class=\"s14\"><span class=\"bumpedFont15\">,<\/span><\/span><span class=\"s14\"><span class=\"bumpedFont15\"> que prev\u00e9 la promoci\u00f3n de <\/span><\/span><span class=\"s14\"><span class=\"bumpedFont15\">las exportaciones dominicanas y la inversi\u00f3n extranjera directa<\/span><\/span><span class=\"s14\"><span class=\"bumpedFont15\"> para genera<\/span><\/span><span class=\"s14\"><span class=\"bumpedFont15\">r<\/span><\/span><span class=\"s14\"><span class=\"bumpedFont15\"> m\u00e1s empleos.<img decoding=\"async\" class=\"alignnone size-medium wp-image-15861\" src=\"https:\/\/hnd.mirex.gob.do\/consular\/san-pedro-sula\/wp-content\/uploads\/2023\/08\/A308EBF4-2A71-461C-8220-813C2AC5F134-300x200.jpeg\" alt=\"\" width=\"300\" height=\"200\" \/> <\/span><\/span><\/p>\n<p class=\"s15\"><span class=\"s16\"><span class=\"bumpedFont15\">Sobre Guyana y Rep\u00fablica Dominicana <\/span><\/span><\/p>\n<p class=\"s15\"><span class=\"s14\"><span class=\"bumpedFont15\">Para el per\u00edodo anual 2016-2022 y acumulado ene<\/span><\/span><span class=\"s14\"><span class=\"bumpedFont15\">ro &#8211;<\/span><\/span><span class=\"s14\"><span class=\"bumpedFont15\">jun<\/span><\/span><span class=\"s14\"><span class=\"bumpedFont15\">io<\/span><\/span><span class=\"s14\"><span class=\"bumpedFont15\">2023, el intercambio comercial de Rep\u00fablica Dominicana con Guyana fue de US$ 205.7 millones siendo el 80.6% <\/span><\/span><span class=\"s14\"><span class=\"bumpedFont15\">de <\/span><\/span><span class=\"s14\"><span class=\"bumpedFont15\">las exportaciones y el restante<\/span><\/span> <span class=\"s14\"><span class=\"bumpedFont15\">19.4% correspondientes a importaciones de bienes<\/span><\/span><span class=\"s14\"><span class=\"bumpedFont15\">. <\/span><\/span><span class=\"s14\"><span class=\"bumpedFont15\">Entre los<\/span><\/span><span class=\"s14\"><span class=\"bumpedFont15\"> productos exportados desde <\/span><\/span><span class=\"s14\"><span class=\"bumpedFont15\">D<\/span><\/span><span class=\"s14\"><span class=\"bumpedFont15\">ominicana hacia Guyana se encuentran: <\/span><\/span><span class=\"s14\"><span class=\"bumpedFont15\">a<\/span><\/span><span class=\"s14\"><span class=\"bumpedFont15\">bonos minerales o qu\u00edmicos con los tres elementos fertilizantes nitr\u00f3geno, f\u00f3sforo y potasio<\/span><\/span><span class=\"s14\"><span class=\"bumpedFont15\">, <\/span><\/span><span class=\"s14\"><span class=\"bumpedFont15\">b<\/span><\/span><span class=\"s14\"><span class=\"bumpedFont15\">arras de hierro o acero sin alear, con muescas, cordones, huecos o relieves, <\/span><\/span><span class=\"s14\"><span class=\"bumpedFont15\">c<\/span><\/span><span class=\"s14\"><span class=\"bumpedFont15\">emento <\/span><\/span><span class=\"s14\"><span class=\"bumpedFont15\">p<\/span><\/span><span class=\"s14\"><span class=\"bumpedFont15\">ortland,<\/span><\/span> <span class=\"s14\"><span class=\"bumpedFont15\">a<\/span><\/span><span class=\"s14\"><span class=\"bumpedFont15\">bonos minerales o qu\u00edmicos<\/span><\/span><span class=\"s14\"><span class=\"bumpedFont15\"> y los <\/span><\/span><span class=\"s14\"><span class=\"bumpedFont15\">t<\/span><\/span><span class=\"s14\"><span class=\"bumpedFont15\">apones, tapas, c\u00e1psulas y dem\u00e1s dispositivos de cierre, de pl\u00e1stico<\/span><\/span><span class=\"s14\"><span class=\"bumpedFont15\">.<\/span><\/span><\/p>\n","protected":false},"excerpt":{"rendered":"<p>Empresarios de ambos pa\u00edses del sector construcci\u00f3n, turismo, agricultura y energ\u00eda tuvieron un intercambio sobre las oportunidades en los mercados. Santo Domingo, Rep\u00fablica Dominicana.- En el marco de la visita oficial del presidente de la Rep\u00fablica Cooperativa de Guyana, Mohamed Irfaan Ali, el Ministerio de Relaciones Exteriores, en conjunto con el Centro de Exportaci\u00f3n e [&hellip;]<\/p>\n","protected":false},"author":7,"featured_media":6116,"comment_status":"closed","ping_status":"closed","sticky":false,"template":"","format":"standard","meta":{"site-sidebar-layout":"default","site-content-layout":"default","ast-site-content-layout":"default","site-content-style":"default","site-sidebar-style":"default","ast-global-header-display":"","ast-banner-title-visibility":"","ast-main-header-display":"","ast-hfb-above-header-display":"","ast-hfb-below-header-display":"","ast-hfb-mobile-header-display":"","site-post-title":"","ast-breadcrumbs-content":"","ast-featured-img":"","footer-sml-layout":"","ast-disable-related-posts":"","theme-transparent-header-meta":"default","adv-header-id-meta":"","stick-header-meta":"","header-above-stick-meta":"","header-main-stick-meta":"","header-below-stick-meta":"","astra-migrate-meta-layouts":"default","ast-page-background-enabled":"default","ast-page-background-meta":{"desktop":{"background-color":"","background-image":"","background-repeat":"repeat","background-position":"center center","background-size":"auto","background-attachment":"scroll","background-type":"","background-media":"","overlay-type":"","overlay-color":"","overlay-opacity":"","overlay-gradient":""},"tablet":{"background-color":"","background-image":"","background-repeat":"repeat","background-position":"center center","background-size":"auto","background-attachment":"scroll","background-type":"","background-media":"","overlay-type":"","overlay-color":"","overlay-opacity":"","overlay-gradient":""},"mobile":{"background-color":"","background-image":"","background-repeat":"repeat","background-position":"center center","background-size":"auto","background-attachment":"scroll","background-type":"","background-media":"","overlay-type":"","overlay-color":"","overlay-opacity":"","overlay-gradient":""}},"ast-content-background-meta":{"desktop":{"background-color":"var(--ast-global-color-5)","background-image":"","background-repeat":"repeat","background-position":"center center","background-size":"auto","background-attachment":"scroll","background-type":"","background-media":"","overlay-type":"","overlay-color":"","overlay-opacity":"","overlay-gradient":""},"tablet":{"background-color":"var(--ast-global-color-5)","background-image":"","background-repeat":"repeat","background-position":"center center","background-size":"auto","background-attachment":"scroll","background-type":"","background-media":"","overlay-type":"","overlay-color":"","overlay-opacity":"","overlay-gradient":""},"mobile":{"background-color":"var(--ast-global-color-5)","background-image":"","background-repeat":"repeat","background-position":"center center","background-size":"auto","background-attachment":"scroll","background-type":"","background-media":"","overlay-type":"","overlay-color":"","overlay-opacity":"","overlay-gradient":""}},"footnotes":""},"categories":[5],"tags":[],"class_list":["post-6114","post","type-post","status-publish","format-standard","has-post-thumbnail","hentry","category-noticias"],"yoast_head":"<!-- This site is optimized with the Yoast SEO plugin v27.4 - https:\/\/yoast.com\/product\/yoast-seo-wordpress\/ -->\n<title>MIREX y ProDominicana promueven oportunidades de inversi\u00f3n entre empresarios de Rep\u00fablica Dominicana y Guyana - Consulado General de la Rep\u00fablica Dominicana en San Pedro Sula, Honduras<\/title>\n<meta name=\"robots\" content=\"index, follow, max-snippet:-1, max-image-preview:large, max-video-preview:-1\" \/>\n<link rel=\"canonical\" href=\"https:\/\/hnd.mirex.gob.do\/consular\/san-pedro-sula\/mirex-y-prodominicana-promueven-oportunidades-de-inversion-entre-empresarios-de-republica-dominicana-y-guyana\/\" \/>\n<meta property=\"og:locale\" content=\"en_US\" \/>\n<meta property=\"og:type\" content=\"article\" \/>\n<meta property=\"og:title\" content=\"MIREX y ProDominicana promueven oportunidades de inversi\u00f3n entre empresarios de Rep\u00fablica Dominicana y Guyana - Consulado General de la Rep\u00fablica Dominicana en San Pedro Sula, Honduras\" \/>\n<meta property=\"og:description\" content=\"Empresarios de ambos pa\u00edses del sector construcci\u00f3n, turismo, agricultura y energ\u00eda tuvieron un intercambio sobre las oportunidades en los mercados. Santo Domingo, Rep\u00fablica Dominicana.- En el marco de la visita oficial del presidente de la Rep\u00fablica Cooperativa de Guyana, Mohamed Irfaan Ali, el Ministerio de Relaciones Exteriores, en conjunto con el Centro de Exportaci\u00f3n e [&hellip;]\" \/>\n<meta property=\"og:url\" content=\"https:\/\/hnd.mirex.gob.do\/consular\/san-pedro-sula\/mirex-y-prodominicana-promueven-oportunidades-de-inversion-entre-empresarios-de-republica-dominicana-y-guyana\/\" \/>\n<meta property=\"og:site_name\" content=\"Consulado General de la Rep\u00fablica Dominicana en San Pedro Sula, Honduras\" \/>\n<meta property=\"article:published_time\" content=\"2023-08-09T00:49:22+00:00\" \/>\n<meta property=\"article:modified_time\" content=\"2023-08-10T15:12:59+00:00\" \/>\n<meta property=\"og:image\" content=\"https:\/\/hnd.mirex.gob.do\/consular\/san-pedro-sula\/wp-content\/uploads\/2023\/08\/8BDCD442-8063-48ED-9409-1F6DC1628897.jpeg\" \/>\n\t<meta property=\"og:image:width\" content=\"1600\" \/>\n\t<meta property=\"og:image:height\" content=\"1067\" \/>\n\t<meta property=\"og:image:type\" content=\"image\/jpeg\" \/>\n<meta name=\"author\" content=\"Fernando Reinoso\" \/>\n<meta name=\"twitter:card\" content=\"summary_large_image\" \/>\n<meta name=\"twitter:label1\" content=\"Written by\" \/>\n\t<meta name=\"twitter:data1\" content=\"Fernando Reinoso\" \/>\n\t<meta name=\"twitter:label2\" content=\"Est. reading time\" \/>\n\t<meta name=\"twitter:data2\" content=\"3 minutes\" \/>\n<script type=\"application\/ld+json\" class=\"yoast-schema-graph\">{\"@context\":\"https:\\\/\\\/schema.org\",\"@graph\":[{\"@type\":\"Article\",\"@id\":\"https:\\\/\\\/hnd.mirex.gob.do\\\/consular\\\/san-pedro-sula\\\/mirex-y-prodominicana-promueven-oportunidades-de-inversion-entre-empresarios-de-republica-dominicana-y-guyana\\\/#article\",\"isPartOf\":{\"@id\":\"https:\\\/\\\/hnd.mirex.gob.do\\\/consular\\\/san-pedro-sula\\\/mirex-y-prodominicana-promueven-oportunidades-de-inversion-entre-empresarios-de-republica-dominicana-y-guyana\\\/\"},\"author\":{\"name\":\"Fernando Reinoso\",\"@id\":\"https:\\\/\\\/hnd.mirex.gob.do\\\/consular\\\/san-pedro-sula\\\/#\\\/schema\\\/person\\\/49b460c0de7078d10159326ca77d4aaa\"},\"headline\":\"MIREX y ProDominicana promueven oportunidades de inversi\u00f3n entre empresarios de Rep\u00fablica Dominicana y Guyana\",\"datePublished\":\"2023-08-09T00:49:22+00:00\",\"dateModified\":\"2023-08-10T15:12:59+00:00\",\"mainEntityOfPage\":{\"@id\":\"https:\\\/\\\/hnd.mirex.gob.do\\\/consular\\\/san-pedro-sula\\\/mirex-y-prodominicana-promueven-oportunidades-de-inversion-entre-empresarios-de-republica-dominicana-y-guyana\\\/\"},\"wordCount\":709,\"publisher\":{\"@id\":\"https:\\\/\\\/hnd.mirex.gob.do\\\/consular\\\/san-pedro-sula\\\/#organization\"},\"image\":{\"@id\":\"https:\\\/\\\/hnd.mirex.gob.do\\\/consular\\\/san-pedro-sula\\\/mirex-y-prodominicana-promueven-oportunidades-de-inversion-entre-empresarios-de-republica-dominicana-y-guyana\\\/#primaryimage\"},\"thumbnailUrl\":\"https:\\\/\\\/hnd.mirex.gob.do\\\/consular\\\/san-pedro-sula\\\/wp-content\\\/uploads\\\/2023\\\/08\\\/8BDCD442-8063-48ED-9409-1F6DC1628897.jpeg\",\"articleSection\":[\"Noticias\"],\"inLanguage\":\"en-US\"},{\"@type\":\"WebPage\",\"@id\":\"https:\\\/\\\/hnd.mirex.gob.do\\\/consular\\\/san-pedro-sula\\\/mirex-y-prodominicana-promueven-oportunidades-de-inversion-entre-empresarios-de-republica-dominicana-y-guyana\\\/\",\"url\":\"https:\\\/\\\/hnd.mirex.gob.do\\\/consular\\\/san-pedro-sula\\\/mirex-y-prodominicana-promueven-oportunidades-de-inversion-entre-empresarios-de-republica-dominicana-y-guyana\\\/\",\"name\":\"MIREX y ProDominicana promueven oportunidades de inversi\u00f3n entre empresarios de Rep\u00fablica Dominicana y Guyana - Consulado General de la Rep\u00fablica Dominicana en San Pedro Sula, Honduras\",\"isPartOf\":{\"@id\":\"https:\\\/\\\/hnd.mirex.gob.do\\\/consular\\\/san-pedro-sula\\\/#website\"},\"primaryImageOfPage\":{\"@id\":\"https:\\\/\\\/hnd.mirex.gob.do\\\/consular\\\/san-pedro-sula\\\/mirex-y-prodominicana-promueven-oportunidades-de-inversion-entre-empresarios-de-republica-dominicana-y-guyana\\\/#primaryimage\"},\"image\":{\"@id\":\"https:\\\/\\\/hnd.mirex.gob.do\\\/consular\\\/san-pedro-sula\\\/mirex-y-prodominicana-promueven-oportunidades-de-inversion-entre-empresarios-de-republica-dominicana-y-guyana\\\/#primaryimage\"},\"thumbnailUrl\":\"https:\\\/\\\/hnd.mirex.gob.do\\\/consular\\\/san-pedro-sula\\\/wp-content\\\/uploads\\\/2023\\\/08\\\/8BDCD442-8063-48ED-9409-1F6DC1628897.jpeg\",\"datePublished\":\"2023-08-09T00:49:22+00:00\",\"dateModified\":\"2023-08-10T15:12:59+00:00\",\"breadcrumb\":{\"@id\":\"https:\\\/\\\/hnd.mirex.gob.do\\\/consular\\\/san-pedro-sula\\\/mirex-y-prodominicana-promueven-oportunidades-de-inversion-entre-empresarios-de-republica-dominicana-y-guyana\\\/#breadcrumb\"},\"inLanguage\":\"en-US\",\"potentialAction\":[{\"@type\":\"ReadAction\",\"target\":[\"https:\\\/\\\/hnd.mirex.gob.do\\\/consular\\\/san-pedro-sula\\\/mirex-y-prodominicana-promueven-oportunidades-de-inversion-entre-empresarios-de-republica-dominicana-y-guyana\\\/\"]}]},{\"@type\":\"ImageObject\",\"inLanguage\":\"en-US\",\"@id\":\"https:\\\/\\\/hnd.mirex.gob.do\\\/consular\\\/san-pedro-sula\\\/mirex-y-prodominicana-promueven-oportunidades-de-inversion-entre-empresarios-de-republica-dominicana-y-guyana\\\/#primaryimage\",\"url\":\"https:\\\/\\\/hnd.mirex.gob.do\\\/consular\\\/san-pedro-sula\\\/wp-content\\\/uploads\\\/2023\\\/08\\\/8BDCD442-8063-48ED-9409-1F6DC1628897.jpeg\",\"contentUrl\":\"https:\\\/\\\/hnd.mirex.gob.do\\\/consular\\\/san-pedro-sula\\\/wp-content\\\/uploads\\\/2023\\\/08\\\/8BDCD442-8063-48ED-9409-1F6DC1628897.jpeg\",\"width\":1600,\"height\":1067},{\"@type\":\"BreadcrumbList\",\"@id\":\"https:\\\/\\\/hnd.mirex.gob.do\\\/consular\\\/san-pedro-sula\\\/mirex-y-prodominicana-promueven-oportunidades-de-inversion-entre-empresarios-de-republica-dominicana-y-guyana\\\/#breadcrumb\",\"itemListElement\":[{\"@type\":\"ListItem\",\"position\":1,\"name\":\"Inicio\",\"item\":\"https:\\\/\\\/hnd.mirex.gob.do\\\/consular\\\/san-pedro-sula\\\/\"},{\"@type\":\"ListItem\",\"position\":2,\"name\":\"MIREX y ProDominicana promueven oportunidades de inversi\u00f3n entre empresarios de Rep\u00fablica Dominicana y Guyana\"}]},{\"@type\":\"WebSite\",\"@id\":\"https:\\\/\\\/hnd.mirex.gob.do\\\/consular\\\/san-pedro-sula\\\/#website\",\"url\":\"https:\\\/\\\/hnd.mirex.gob.do\\\/consular\\\/san-pedro-sula\\\/\",\"name\":\"Consulado General de la Rep\u00fablica Dominicana en San Pedro Sula, Honduras\",\"description\":\"\",\"publisher\":{\"@id\":\"https:\\\/\\\/hnd.mirex.gob.do\\\/consular\\\/san-pedro-sula\\\/#organization\"},\"potentialAction\":[{\"@type\":\"SearchAction\",\"target\":{\"@type\":\"EntryPoint\",\"urlTemplate\":\"https:\\\/\\\/hnd.mirex.gob.do\\\/consular\\\/san-pedro-sula\\\/?s={search_term_string}\"},\"query-input\":{\"@type\":\"PropertyValueSpecification\",\"valueRequired\":true,\"valueName\":\"search_term_string\"}}],\"inLanguage\":\"en-US\"},{\"@type\":\"Organization\",\"@id\":\"https:\\\/\\\/hnd.mirex.gob.do\\\/consular\\\/san-pedro-sula\\\/#organization\",\"name\":\"Consulado General de la Rep\u00fablica Dominicana en San Pedro Sula, Honduras\",\"url\":\"https:\\\/\\\/hnd.mirex.gob.do\\\/consular\\\/san-pedro-sula\\\/\",\"logo\":{\"@type\":\"ImageObject\",\"inLanguage\":\"en-US\",\"@id\":\"https:\\\/\\\/hnd.mirex.gob.do\\\/consular\\\/san-pedro-sula\\\/#\\\/schema\\\/logo\\\/image\\\/\",\"url\":\"https:\\\/\\\/hnd.mirex.gob.do\\\/consular\\\/san-pedro-sula\\\/wp-content\\\/uploads\\\/2022\\\/05\\\/CONSULADO-San-Pedro-Sula-Honduras-RD-04.png\",\"contentUrl\":\"https:\\\/\\\/hnd.mirex.gob.do\\\/consular\\\/san-pedro-sula\\\/wp-content\\\/uploads\\\/2022\\\/05\\\/CONSULADO-San-Pedro-Sula-Honduras-RD-04.png\",\"width\":4163,\"height\":1788,\"caption\":\"Consulado General de la Rep\u00fablica Dominicana en San Pedro Sula, Honduras\"},\"image\":{\"@id\":\"https:\\\/\\\/hnd.mirex.gob.do\\\/consular\\\/san-pedro-sula\\\/#\\\/schema\\\/logo\\\/image\\\/\"}},{\"@type\":\"Person\",\"@id\":\"https:\\\/\\\/hnd.mirex.gob.do\\\/consular\\\/san-pedro-sula\\\/#\\\/schema\\\/person\\\/49b460c0de7078d10159326ca77d4aaa\",\"name\":\"Fernando Reinoso\",\"image\":{\"@type\":\"ImageObject\",\"inLanguage\":\"en-US\",\"@id\":\"https:\\\/\\\/secure.gravatar.com\\\/avatar\\\/8b2a9f1c6fc320e68cb25eee23366fe4b7fd7fcef7253e31dc6d194881669bcd?s=96&d=mm&r=g\",\"url\":\"https:\\\/\\\/secure.gravatar.com\\\/avatar\\\/8b2a9f1c6fc320e68cb25eee23366fe4b7fd7fcef7253e31dc6d194881669bcd?s=96&d=mm&r=g\",\"contentUrl\":\"https:\\\/\\\/secure.gravatar.com\\\/avatar\\\/8b2a9f1c6fc320e68cb25eee23366fe4b7fd7fcef7253e31dc6d194881669bcd?s=96&d=mm&r=g\",\"caption\":\"Fernando Reinoso\"}}]}<\/script>\n<!-- \/ Yoast SEO plugin. -->","yoast_head_json":{"title":"MIREX y ProDominicana promueven oportunidades de inversi\u00f3n entre empresarios de Rep\u00fablica Dominicana y Guyana - Consulado General de la Rep\u00fablica Dominicana en San Pedro Sula, Honduras","robots":{"index":"index","follow":"follow","max-snippet":"max-snippet:-1","max-image-preview":"max-image-preview:large","max-video-preview":"max-video-preview:-1"},"canonical":"https:\/\/hnd.mirex.gob.do\/consular\/san-pedro-sula\/mirex-y-prodominicana-promueven-oportunidades-de-inversion-entre-empresarios-de-republica-dominicana-y-guyana\/","og_locale":"en_US","og_type":"article","og_title":"MIREX y ProDominicana promueven oportunidades de inversi\u00f3n entre empresarios de Rep\u00fablica Dominicana y Guyana - Consulado General de la Rep\u00fablica Dominicana en San Pedro Sula, Honduras","og_description":"Empresarios de ambos pa\u00edses del sector construcci\u00f3n, turismo, agricultura y energ\u00eda tuvieron un intercambio sobre las oportunidades en los mercados. Santo Domingo, Rep\u00fablica Dominicana.- En el marco de la visita oficial del presidente de la Rep\u00fablica Cooperativa de Guyana, Mohamed Irfaan Ali, el Ministerio de Relaciones Exteriores, en conjunto con el Centro de Exportaci\u00f3n e [&hellip;]","og_url":"https:\/\/hnd.mirex.gob.do\/consular\/san-pedro-sula\/mirex-y-prodominicana-promueven-oportunidades-de-inversion-entre-empresarios-de-republica-dominicana-y-guyana\/","og_site_name":"Consulado General de la Rep\u00fablica Dominicana en San Pedro Sula, Honduras","article_published_time":"2023-08-09T00:49:22+00:00","article_modified_time":"2023-08-10T15:12:59+00:00","og_image":[{"width":1600,"height":1067,"url":"https:\/\/hnd.mirex.gob.do\/consular\/san-pedro-sula\/wp-content\/uploads\/2023\/08\/8BDCD442-8063-48ED-9409-1F6DC1628897.jpeg","type":"image\/jpeg"}],"author":"Fernando Reinoso","twitter_card":"summary_large_image","twitter_misc":{"Written by":"Fernando Reinoso","Est. reading time":"3 minutes"},"schema":{"@context":"https:\/\/schema.org","@graph":[{"@type":"Article","@id":"https:\/\/hnd.mirex.gob.do\/consular\/san-pedro-sula\/mirex-y-prodominicana-promueven-oportunidades-de-inversion-entre-empresarios-de-republica-dominicana-y-guyana\/#article","isPartOf":{"@id":"https:\/\/hnd.mirex.gob.do\/consular\/san-pedro-sula\/mirex-y-prodominicana-promueven-oportunidades-de-inversion-entre-empresarios-de-republica-dominicana-y-guyana\/"},"author":{"name":"Fernando Reinoso","@id":"https:\/\/hnd.mirex.gob.do\/consular\/san-pedro-sula\/#\/schema\/person\/49b460c0de7078d10159326ca77d4aaa"},"headline":"MIREX y ProDominicana promueven oportunidades de inversi\u00f3n entre empresarios de Rep\u00fablica Dominicana y Guyana","datePublished":"2023-08-09T00:49:22+00:00","dateModified":"2023-08-10T15:12:59+00:00","mainEntityOfPage":{"@id":"https:\/\/hnd.mirex.gob.do\/consular\/san-pedro-sula\/mirex-y-prodominicana-promueven-oportunidades-de-inversion-entre-empresarios-de-republica-dominicana-y-guyana\/"},"wordCount":709,"publisher":{"@id":"https:\/\/hnd.mirex.gob.do\/consular\/san-pedro-sula\/#organization"},"image":{"@id":"https:\/\/hnd.mirex.gob.do\/consular\/san-pedro-sula\/mirex-y-prodominicana-promueven-oportunidades-de-inversion-entre-empresarios-de-republica-dominicana-y-guyana\/#primaryimage"},"thumbnailUrl":"https:\/\/hnd.mirex.gob.do\/consular\/san-pedro-sula\/wp-content\/uploads\/2023\/08\/8BDCD442-8063-48ED-9409-1F6DC1628897.jpeg","articleSection":["Noticias"],"inLanguage":"en-US"},{"@type":"WebPage","@id":"https:\/\/hnd.mirex.gob.do\/consular\/san-pedro-sula\/mirex-y-prodominicana-promueven-oportunidades-de-inversion-entre-empresarios-de-republica-dominicana-y-guyana\/","url":"https:\/\/hnd.mirex.gob.do\/consular\/san-pedro-sula\/mirex-y-prodominicana-promueven-oportunidades-de-inversion-entre-empresarios-de-republica-dominicana-y-guyana\/","name":"MIREX y ProDominicana promueven oportunidades de inversi\u00f3n entre empresarios de Rep\u00fablica Dominicana y Guyana - Consulado General de la Rep\u00fablica Dominicana en San Pedro Sula, Honduras","isPartOf":{"@id":"https:\/\/hnd.mirex.gob.do\/consular\/san-pedro-sula\/#website"},"primaryImageOfPage":{"@id":"https:\/\/hnd.mirex.gob.do\/consular\/san-pedro-sula\/mirex-y-prodominicana-promueven-oportunidades-de-inversion-entre-empresarios-de-republica-dominicana-y-guyana\/#primaryimage"},"image":{"@id":"https:\/\/hnd.mirex.gob.do\/consular\/san-pedro-sula\/mirex-y-prodominicana-promueven-oportunidades-de-inversion-entre-empresarios-de-republica-dominicana-y-guyana\/#primaryimage"},"thumbnailUrl":"https:\/\/hnd.mirex.gob.do\/consular\/san-pedro-sula\/wp-content\/uploads\/2023\/08\/8BDCD442-8063-48ED-9409-1F6DC1628897.jpeg","datePublished":"2023-08-09T00:49:22+00:00","dateModified":"2023-08-10T15:12:59+00:00","breadcrumb":{"@id":"https:\/\/hnd.mirex.gob.do\/consular\/san-pedro-sula\/mirex-y-prodominicana-promueven-oportunidades-de-inversion-entre-empresarios-de-republica-dominicana-y-guyana\/#breadcrumb"},"inLanguage":"en-US","potentialAction":[{"@type":"ReadAction","target":["https:\/\/hnd.mirex.gob.do\/consular\/san-pedro-sula\/mirex-y-prodominicana-promueven-oportunidades-de-inversion-entre-empresarios-de-republica-dominicana-y-guyana\/"]}]},{"@type":"ImageObject","inLanguage":"en-US","@id":"https:\/\/hnd.mirex.gob.do\/consular\/san-pedro-sula\/mirex-y-prodominicana-promueven-oportunidades-de-inversion-entre-empresarios-de-republica-dominicana-y-guyana\/#primaryimage","url":"https:\/\/hnd.mirex.gob.do\/consular\/san-pedro-sula\/wp-content\/uploads\/2023\/08\/8BDCD442-8063-48ED-9409-1F6DC1628897.jpeg","contentUrl":"https:\/\/hnd.mirex.gob.do\/consular\/san-pedro-sula\/wp-content\/uploads\/2023\/08\/8BDCD442-8063-48ED-9409-1F6DC1628897.jpeg","width":1600,"height":1067},{"@type":"BreadcrumbList","@id":"https:\/\/hnd.mirex.gob.do\/consular\/san-pedro-sula\/mirex-y-prodominicana-promueven-oportunidades-de-inversion-entre-empresarios-de-republica-dominicana-y-guyana\/#breadcrumb","itemListElement":[{"@type":"ListItem","position":1,"name":"Inicio","item":"https:\/\/hnd.mirex.gob.do\/consular\/san-pedro-sula\/"},{"@type":"ListItem","position":2,"name":"MIREX y ProDominicana promueven oportunidades de inversi\u00f3n entre empresarios de Rep\u00fablica Dominicana y Guyana"}]},{"@type":"WebSite","@id":"https:\/\/hnd.mirex.gob.do\/consular\/san-pedro-sula\/#website","url":"https:\/\/hnd.mirex.gob.do\/consular\/san-pedro-sula\/","name":"Consulado General de la Rep\u00fablica Dominicana en San Pedro Sula, Honduras","description":"","publisher":{"@id":"https:\/\/hnd.mirex.gob.do\/consular\/san-pedro-sula\/#organization"},"potentialAction":[{"@type":"SearchAction","target":{"@type":"EntryPoint","urlTemplate":"https:\/\/hnd.mirex.gob.do\/consular\/san-pedro-sula\/?s={search_term_string}"},"query-input":{"@type":"PropertyValueSpecification","valueRequired":true,"valueName":"search_term_string"}}],"inLanguage":"en-US"},{"@type":"Organization","@id":"https:\/\/hnd.mirex.gob.do\/consular\/san-pedro-sula\/#organization","name":"Consulado General de la Rep\u00fablica Dominicana en San Pedro Sula, Honduras","url":"https:\/\/hnd.mirex.gob.do\/consular\/san-pedro-sula\/","logo":{"@type":"ImageObject","inLanguage":"en-US","@id":"https:\/\/hnd.mirex.gob.do\/consular\/san-pedro-sula\/#\/schema\/logo\/image\/","url":"https:\/\/hnd.mirex.gob.do\/consular\/san-pedro-sula\/wp-content\/uploads\/2022\/05\/CONSULADO-San-Pedro-Sula-Honduras-RD-04.png","contentUrl":"https:\/\/hnd.mirex.gob.do\/consular\/san-pedro-sula\/wp-content\/uploads\/2022\/05\/CONSULADO-San-Pedro-Sula-Honduras-RD-04.png","width":4163,"height":1788,"caption":"Consulado General de la Rep\u00fablica Dominicana en San Pedro Sula, Honduras"},"image":{"@id":"https:\/\/hnd.mirex.gob.do\/consular\/san-pedro-sula\/#\/schema\/logo\/image\/"}},{"@type":"Person","@id":"https:\/\/hnd.mirex.gob.do\/consular\/san-pedro-sula\/#\/schema\/person\/49b460c0de7078d10159326ca77d4aaa","name":"Fernando Reinoso","image":{"@type":"ImageObject","inLanguage":"en-US","@id":"https:\/\/secure.gravatar.com\/avatar\/8b2a9f1c6fc320e68cb25eee23366fe4b7fd7fcef7253e31dc6d194881669bcd?s=96&d=mm&r=g","url":"https:\/\/secure.gravatar.com\/avatar\/8b2a9f1c6fc320e68cb25eee23366fe4b7fd7fcef7253e31dc6d194881669bcd?s=96&d=mm&r=g","contentUrl":"https:\/\/secure.gravatar.com\/avatar\/8b2a9f1c6fc320e68cb25eee23366fe4b7fd7fcef7253e31dc6d194881669bcd?s=96&d=mm&r=g","caption":"Fernando Reinoso"}}]}},"_links":{"self":[{"href":"https:\/\/hnd.mirex.gob.do\/consular\/san-pedro-sula\/wp-json\/wp\/v2\/posts\/6114","targetHints":{"allow":["GET"]}}],"collection":[{"href":"https:\/\/hnd.mirex.gob.do\/consular\/san-pedro-sula\/wp-json\/wp\/v2\/posts"}],"about":[{"href":"https:\/\/hnd.mirex.gob.do\/consular\/san-pedro-sula\/wp-json\/wp\/v2\/types\/post"}],"author":[{"embeddable":true,"href":"https:\/\/hnd.mirex.gob.do\/consular\/san-pedro-sula\/wp-json\/wp\/v2\/users\/7"}],"replies":[{"embeddable":true,"href":"https:\/\/hnd.mirex.gob.do\/consular\/san-pedro-sula\/wp-json\/wp\/v2\/comments?post=6114"}],"version-history":[{"count":1,"href":"https:\/\/hnd.mirex.gob.do\/consular\/san-pedro-sula\/wp-json\/wp\/v2\/posts\/6114\/revisions"}],"predecessor-version":[{"id":6115,"href":"https:\/\/hnd.mirex.gob.do\/consular\/san-pedro-sula\/wp-json\/wp\/v2\/posts\/6114\/revisions\/6115"}],"wp:featuredmedia":[{"embeddable":true,"href":"https:\/\/hnd.mirex.gob.do\/consular\/san-pedro-sula\/wp-json\/wp\/v2\/media\/6116"}],"wp:attachment":[{"href":"https:\/\/hnd.mirex.gob.do\/consular\/san-pedro-sula\/wp-json\/wp\/v2\/media?parent=6114"}],"wp:term":[{"taxonomy":"category","embeddable":true,"href":"https:\/\/hnd.mirex.gob.do\/consular\/san-pedro-sula\/wp-json\/wp\/v2\/categories?post=6114"},{"taxonomy":"post_tag","embeddable":true,"href":"https:\/\/hnd.mirex.gob.do\/consular\/san-pedro-sula\/wp-json\/wp\/v2\/tags?post=6114"}],"curies":[{"name":"wp","href":"https:\/\/api.w.org\/{rel}","templated":true}]}}