{"id":6120,"date":"2023-08-08T17:27:48","date_gmt":"2023-08-08T17:27:48","guid":{"rendered":"https:\/\/hnd.mirex.gob.do\/consular\/san-pedro-sula\/?p=6120"},"modified":"2023-08-10T15:20:58","modified_gmt":"2023-08-10T15:20:58","slug":"presidente-abinader-recibe-a-su-homologo-de-guyana-mohamed-irfaan-ali-en-visita-oficial","status":"publish","type":"post","link":"https:\/\/hnd.mirex.gob.do\/consular\/san-pedro-sula\/presidente-abinader-recibe-a-su-homologo-de-guyana-mohamed-irfaan-ali-en-visita-oficial\/","title":{"rendered":"Presidente Abinader recibe a su hom\u00f3logo de Guyana, Mohamed Irfaan Al\u00ed, en visita oficial"},"content":{"rendered":"<p><span style=\"font-size: 16px; -webkit-text-size-adjust: 100%;\">Santo Domingo. El presidente Luis Abinader recibi\u00f3 este martes en el Palacio Nacional a su hom\u00f3logo de la Rep\u00fablica Cooperativa de Guyana, Mohamed Irfaan Al\u00ed, quien realiza una visita oficial al pa\u00eds.<\/span><\/p>\n<p>La visita del presidente de Guyana se realiza en el marco de las iniciativas de fortalecimiento de las relaciones diplom\u00e1ticas entre ambas naciones, establecidas desde el a\u00f1o 1970.<\/p>\n<p>La ceremonia de recibimiento al mandatario de la Rep\u00fablica Cooperativa de Guyana estuvo encabezada por el presidente Abinader y se realiz\u00f3 en la explanada frontal del Palacio Nacional, a las 11:20 de la ma\u00f1ana.<\/p>\n<p>A su llegada a la Casa de Gobierno, el jefe de Estado de Guyana recibi\u00f3 los honores correspondientes por su alta investidura. De inmediato, ambos gobernantes procedieron al Pase de Revista Militar y a la presentaci\u00f3n de sus respectivas delegaciones.<\/p>\n<p>Los honores militares consistieron en toque de atenci\u00f3n presidencial, presenten armas, una salva de 21 disparos de artiller\u00eda y los himnos nacionales de Rep\u00fablica Dominicana y de la Rep\u00fablica Cooperativa de Guyana.<\/p>\n<p>La delegaci\u00f3n de Rep\u00fablica Dominicana que participa en la visita oficial del presidente Irfaan Al\u00ed, la integran la vicepresidenta Raquel Pe\u00f1a; la primera dama, Raquel Arbaje; el ministro de Relaciones Exteriores, Roberto \u00c1lvarez; los ministros de la Presidencia, Joel Santos; Administrativo de la Presidencia, Jos\u00e9 Ignacio Paliza; de Agricultura, Limber Cruz; de Industria, Comercio y Mipymes, V\u00edctor Bison\u00f3; de Turismo, David Collado y de Energ\u00eda y Minas, Antonio Almonte.<\/p>\n<p>Tambi\u00e9n, el viceministro de Industria y Comercio, Ram\u00f3n P\u00e9rez Ferm\u00edn; el director general de Aduanas, Eduardo Sanz Lovat\u00f3n; el administrador de general del Banco de Reservas, Samuel Pereyra; la directora de Prodominicana, Biviana Riveiro; el director de la Polic\u00eda Nacional, mayor general Eduardo Alberto Then; el director de Autoridad Portuaria, Jean Luis Rodr\u00edguez; el presidente del Consejo de la Refiner\u00eda Dominicana de Petr\u00f3leo (REFIDOMSA), Leonardo Aguilera; el asesor financiero del Poder Ejecutivo, Pablo Portes; el embajador de la Rep\u00fablica Dominicana en Guyana, Ernesto Torres Pereyra y el designado presidencial, Tulio Rodr\u00edguez.<\/p>\n<p>En tanto, la delegaci\u00f3n de Guyana est\u00e1 conformada por la primera dama, Arya Ali; la ministra de Turismo y Comercio, Oneidge Walrond; el secretario de Estado del Ministerio de Relaciones Exteriores y Cooperaci\u00f3n Internacional, Robert Persaud; el jefe de Estado Mayor de la Fuerza de Defensa de Guyana, Omar Khan; el comisionado de la Fuerza Policial de Guyana, Clifton Hicken; el asesor de Seguridad Nacional, capit\u00e1n Gerald Gouveia; el director ejecutivo de la Oficina de Inversiones de Guyana, Peter Ramsaroop; la directora de Asuntos Presidenciales, Oficina del Presidente, Marcia Nadir-Sharma y el director de general del Ministerio de Agricultura, Madanlall Ramraj.<\/p>\n<p>Adem\u00e1s, el director de la Secretar\u00eda de Contenido Local del Ministerio de Recursos Naturales, Mart\u00edn Pertab; el oficial legal del departamento de Petr\u00f3leo del Ministerio de Recursos Naturales, Michael Munroe; el presidente de la junta directiva del Nuevo banco comercial Hayven, Floyd Haynes; el empresario emprendedor, Shameer Mohammed.<\/p>\n<p>Luego de la presentaci\u00f3n de las delegaciones, los presidentes de Rep\u00fablica Dominicana y de Guyana pasaron a una audiencia privada, en el Despacho Presidencial.<\/p>\n<p>La agenda oficial del gobernante de Guyana incluye una reuni\u00f3n ampliada de ambas delegaciones en el Sal\u00f3n Consejo de Gobierno. Pasado el mediod\u00eda, los jefes de Estado sostendr\u00e1n una ceremonia de firma de instrumentos y declaraci\u00f3n conjunta, en el Sal\u00f3n de Embajadores, y un almuerzo privado en el Sal\u00f3n Banquete Comedor del Palacio Nacional.<\/p>\n<p>Posteriormente, se llevar\u00e1 a cabo un Encuentro Empresarial presidido por el canciller Roberto \u00c1lvarez y la se\u00f1ora Oneidge Walrond, MP, ministra de Turismo, Industria y Comercio de Guyana, este espacio reunir\u00e1 a la c\u00fapula empresarial de ambos pa\u00edses de los sectores energ\u00eda, agricultura, turismo, construcci\u00f3n, entre otros.<\/p>\n<p>El desarrollo del programa contar\u00e1 con presentaciones de la directora ejecutiva de ProDominicana, Biviana Riveiro y su hom\u00f3logo Peter Ramsaroop, as\u00ed como la participaci\u00f3n especial del presidente del Consejo Nacional de la Empresa Privada (CONEP), Celso Marranzini y el director ejecutivo de la Comisi\u00f3n del Sector Privado de Guyana, Komal Singh.<\/p>\n","protected":false},"excerpt":{"rendered":"<p>Santo Domingo. El presidente Luis Abinader recibi\u00f3 este martes en el Palacio Nacional a su hom\u00f3logo de la Rep\u00fablica Cooperativa de Guyana, Mohamed Irfaan Al\u00ed, quien realiza una visita oficial al pa\u00eds. La visita del presidente de Guyana se realiza en el marco de las iniciativas de fortalecimiento de las relaciones diplom\u00e1ticas entre ambas naciones, [&hellip;]<\/p>\n","protected":false},"author":7,"featured_media":6122,"comment_status":"closed","ping_status":"closed","sticky":false,"template":"","format":"standard","meta":{"site-sidebar-layout":"default","site-content-layout":"default","ast-site-content-layout":"default","site-content-style":"default","site-sidebar-style":"default","ast-global-header-display":"","ast-banner-title-visibility":"","ast-main-header-display":"","ast-hfb-above-header-display":"","ast-hfb-below-header-display":"","ast-hfb-mobile-header-display":"","site-post-title":"","ast-breadcrumbs-content":"","ast-featured-img":"","footer-sml-layout":"","ast-disable-related-posts":"","theme-transparent-header-meta":"default","adv-header-id-meta":"","stick-header-meta":"","header-above-stick-meta":"","header-main-stick-meta":"","header-below-stick-meta":"","astra-migrate-meta-layouts":"default","ast-page-background-enabled":"default","ast-page-background-meta":{"desktop":{"background-color":"","background-image":"","background-repeat":"repeat","background-position":"center center","background-size":"auto","background-attachment":"scroll","background-type":"","background-media":"","overlay-type":"","overlay-color":"","overlay-opacity":"","overlay-gradient":""},"tablet":{"background-color":"","background-image":"","background-repeat":"repeat","background-position":"center center","background-size":"auto","background-attachment":"scroll","background-type":"","background-media":"","overlay-type":"","overlay-color":"","overlay-opacity":"","overlay-gradient":""},"mobile":{"background-color":"","background-image":"","background-repeat":"repeat","background-position":"center center","background-size":"auto","background-attachment":"scroll","background-type":"","background-media":"","overlay-type":"","overlay-color":"","overlay-opacity":"","overlay-gradient":""}},"ast-content-background-meta":{"desktop":{"background-color":"var(--ast-global-color-5)","background-image":"","background-repeat":"repeat","background-position":"center center","background-size":"auto","background-attachment":"scroll","background-type":"","background-media":"","overlay-type":"","overlay-color":"","overlay-opacity":"","overlay-gradient":""},"tablet":{"background-color":"var(--ast-global-color-5)","background-image":"","background-repeat":"repeat","background-position":"center center","background-size":"auto","background-attachment":"scroll","background-type":"","background-media":"","overlay-type":"","overlay-color":"","overlay-opacity":"","overlay-gradient":""},"mobile":{"background-color":"var(--ast-global-color-5)","background-image":"","background-repeat":"repeat","background-position":"center center","background-size":"auto","background-attachment":"scroll","background-type":"","background-media":"","overlay-type":"","overlay-color":"","overlay-opacity":"","overlay-gradient":""}},"footnotes":""},"categories":[5],"tags":[],"class_list":["post-6120","post","type-post","status-publish","format-standard","has-post-thumbnail","hentry","category-noticias"],"yoast_head":"<!-- This site is optimized with the Yoast SEO plugin v27.4 - https:\/\/yoast.com\/product\/yoast-seo-wordpress\/ -->\n<title>Presidente Abinader recibe a su hom\u00f3logo de Guyana, Mohamed Irfaan Al\u00ed, en visita oficial - Consulado General de la Rep\u00fablica Dominicana en San Pedro Sula, Honduras<\/title>\n<meta name=\"robots\" content=\"index, follow, max-snippet:-1, max-image-preview:large, max-video-preview:-1\" \/>\n<link rel=\"canonical\" href=\"https:\/\/hnd.mirex.gob.do\/consular\/san-pedro-sula\/presidente-abinader-recibe-a-su-homologo-de-guyana-mohamed-irfaan-ali-en-visita-oficial\/\" \/>\n<meta property=\"og:locale\" content=\"en_US\" \/>\n<meta property=\"og:type\" content=\"article\" \/>\n<meta property=\"og:title\" content=\"Presidente Abinader recibe a su hom\u00f3logo de Guyana, Mohamed Irfaan Al\u00ed, en visita oficial - Consulado General de la Rep\u00fablica Dominicana en San Pedro Sula, Honduras\" \/>\n<meta property=\"og:description\" content=\"Santo Domingo. El presidente Luis Abinader recibi\u00f3 este martes en el Palacio Nacional a su hom\u00f3logo de la Rep\u00fablica Cooperativa de Guyana, Mohamed Irfaan Al\u00ed, quien realiza una visita oficial al pa\u00eds. La visita del presidente de Guyana se realiza en el marco de las iniciativas de fortalecimiento de las relaciones diplom\u00e1ticas entre ambas naciones, [&hellip;]\" \/>\n<meta property=\"og:url\" content=\"https:\/\/hnd.mirex.gob.do\/consular\/san-pedro-sula\/presidente-abinader-recibe-a-su-homologo-de-guyana-mohamed-irfaan-ali-en-visita-oficial\/\" \/>\n<meta property=\"og:site_name\" content=\"Consulado General de la Rep\u00fablica Dominicana en San Pedro Sula, Honduras\" \/>\n<meta property=\"article:published_time\" content=\"2023-08-08T17:27:48+00:00\" \/>\n<meta property=\"article:modified_time\" content=\"2023-08-10T15:20:58+00:00\" \/>\n<meta property=\"og:image\" content=\"https:\/\/hnd.mirex.gob.do\/consular\/san-pedro-sula\/wp-content\/uploads\/2023\/08\/D93DD414-CFBD-444C-A397-0E1E9515481B.jpeg\" \/>\n\t<meta property=\"og:image:width\" content=\"1024\" \/>\n\t<meta property=\"og:image:height\" content=\"682\" \/>\n\t<meta property=\"og:image:type\" content=\"image\/jpeg\" \/>\n<meta name=\"author\" content=\"Fernando Reinoso\" \/>\n<meta name=\"twitter:card\" content=\"summary_large_image\" \/>\n<meta name=\"twitter:label1\" content=\"Written by\" \/>\n\t<meta name=\"twitter:data1\" content=\"Fernando Reinoso\" \/>\n\t<meta name=\"twitter:label2\" content=\"Est. reading time\" \/>\n\t<meta name=\"twitter:data2\" content=\"4 minutes\" \/>\n<script type=\"application\/ld+json\" class=\"yoast-schema-graph\">{\"@context\":\"https:\\\/\\\/schema.org\",\"@graph\":[{\"@type\":\"Article\",\"@id\":\"https:\\\/\\\/hnd.mirex.gob.do\\\/consular\\\/san-pedro-sula\\\/presidente-abinader-recibe-a-su-homologo-de-guyana-mohamed-irfaan-ali-en-visita-oficial\\\/#article\",\"isPartOf\":{\"@id\":\"https:\\\/\\\/hnd.mirex.gob.do\\\/consular\\\/san-pedro-sula\\\/presidente-abinader-recibe-a-su-homologo-de-guyana-mohamed-irfaan-ali-en-visita-oficial\\\/\"},\"author\":{\"name\":\"Fernando Reinoso\",\"@id\":\"https:\\\/\\\/hnd.mirex.gob.do\\\/consular\\\/san-pedro-sula\\\/#\\\/schema\\\/person\\\/49b460c0de7078d10159326ca77d4aaa\"},\"headline\":\"Presidente Abinader recibe a su hom\u00f3logo de Guyana, Mohamed Irfaan Al\u00ed, en visita oficial\",\"datePublished\":\"2023-08-08T17:27:48+00:00\",\"dateModified\":\"2023-08-10T15:20:58+00:00\",\"mainEntityOfPage\":{\"@id\":\"https:\\\/\\\/hnd.mirex.gob.do\\\/consular\\\/san-pedro-sula\\\/presidente-abinader-recibe-a-su-homologo-de-guyana-mohamed-irfaan-ali-en-visita-oficial\\\/\"},\"wordCount\":715,\"publisher\":{\"@id\":\"https:\\\/\\\/hnd.mirex.gob.do\\\/consular\\\/san-pedro-sula\\\/#organization\"},\"image\":{\"@id\":\"https:\\\/\\\/hnd.mirex.gob.do\\\/consular\\\/san-pedro-sula\\\/presidente-abinader-recibe-a-su-homologo-de-guyana-mohamed-irfaan-ali-en-visita-oficial\\\/#primaryimage\"},\"thumbnailUrl\":\"https:\\\/\\\/hnd.mirex.gob.do\\\/consular\\\/san-pedro-sula\\\/wp-content\\\/uploads\\\/2023\\\/08\\\/D93DD414-CFBD-444C-A397-0E1E9515481B.jpeg\",\"articleSection\":[\"Noticias\"],\"inLanguage\":\"en-US\"},{\"@type\":\"WebPage\",\"@id\":\"https:\\\/\\\/hnd.mirex.gob.do\\\/consular\\\/san-pedro-sula\\\/presidente-abinader-recibe-a-su-homologo-de-guyana-mohamed-irfaan-ali-en-visita-oficial\\\/\",\"url\":\"https:\\\/\\\/hnd.mirex.gob.do\\\/consular\\\/san-pedro-sula\\\/presidente-abinader-recibe-a-su-homologo-de-guyana-mohamed-irfaan-ali-en-visita-oficial\\\/\",\"name\":\"Presidente Abinader recibe a su hom\u00f3logo de Guyana, Mohamed Irfaan Al\u00ed, en visita oficial - Consulado General de la Rep\u00fablica Dominicana en San Pedro Sula, Honduras\",\"isPartOf\":{\"@id\":\"https:\\\/\\\/hnd.mirex.gob.do\\\/consular\\\/san-pedro-sula\\\/#website\"},\"primaryImageOfPage\":{\"@id\":\"https:\\\/\\\/hnd.mirex.gob.do\\\/consular\\\/san-pedro-sula\\\/presidente-abinader-recibe-a-su-homologo-de-guyana-mohamed-irfaan-ali-en-visita-oficial\\\/#primaryimage\"},\"image\":{\"@id\":\"https:\\\/\\\/hnd.mirex.gob.do\\\/consular\\\/san-pedro-sula\\\/presidente-abinader-recibe-a-su-homologo-de-guyana-mohamed-irfaan-ali-en-visita-oficial\\\/#primaryimage\"},\"thumbnailUrl\":\"https:\\\/\\\/hnd.mirex.gob.do\\\/consular\\\/san-pedro-sula\\\/wp-content\\\/uploads\\\/2023\\\/08\\\/D93DD414-CFBD-444C-A397-0E1E9515481B.jpeg\",\"datePublished\":\"2023-08-08T17:27:48+00:00\",\"dateModified\":\"2023-08-10T15:20:58+00:00\",\"breadcrumb\":{\"@id\":\"https:\\\/\\\/hnd.mirex.gob.do\\\/consular\\\/san-pedro-sula\\\/presidente-abinader-recibe-a-su-homologo-de-guyana-mohamed-irfaan-ali-en-visita-oficial\\\/#breadcrumb\"},\"inLanguage\":\"en-US\",\"potentialAction\":[{\"@type\":\"ReadAction\",\"target\":[\"https:\\\/\\\/hnd.mirex.gob.do\\\/consular\\\/san-pedro-sula\\\/presidente-abinader-recibe-a-su-homologo-de-guyana-mohamed-irfaan-ali-en-visita-oficial\\\/\"]}]},{\"@type\":\"ImageObject\",\"inLanguage\":\"en-US\",\"@id\":\"https:\\\/\\\/hnd.mirex.gob.do\\\/consular\\\/san-pedro-sula\\\/presidente-abinader-recibe-a-su-homologo-de-guyana-mohamed-irfaan-ali-en-visita-oficial\\\/#primaryimage\",\"url\":\"https:\\\/\\\/hnd.mirex.gob.do\\\/consular\\\/san-pedro-sula\\\/wp-content\\\/uploads\\\/2023\\\/08\\\/D93DD414-CFBD-444C-A397-0E1E9515481B.jpeg\",\"contentUrl\":\"https:\\\/\\\/hnd.mirex.gob.do\\\/consular\\\/san-pedro-sula\\\/wp-content\\\/uploads\\\/2023\\\/08\\\/D93DD414-CFBD-444C-A397-0E1E9515481B.jpeg\",\"width\":1024,\"height\":682},{\"@type\":\"BreadcrumbList\",\"@id\":\"https:\\\/\\\/hnd.mirex.gob.do\\\/consular\\\/san-pedro-sula\\\/presidente-abinader-recibe-a-su-homologo-de-guyana-mohamed-irfaan-ali-en-visita-oficial\\\/#breadcrumb\",\"itemListElement\":[{\"@type\":\"ListItem\",\"position\":1,\"name\":\"Inicio\",\"item\":\"https:\\\/\\\/hnd.mirex.gob.do\\\/consular\\\/san-pedro-sula\\\/\"},{\"@type\":\"ListItem\",\"position\":2,\"name\":\"Presidente Abinader recibe a su hom\u00f3logo de Guyana, Mohamed Irfaan Al\u00ed, en visita oficial\"}]},{\"@type\":\"WebSite\",\"@id\":\"https:\\\/\\\/hnd.mirex.gob.do\\\/consular\\\/san-pedro-sula\\\/#website\",\"url\":\"https:\\\/\\\/hnd.mirex.gob.do\\\/consular\\\/san-pedro-sula\\\/\",\"name\":\"Consulado General de la Rep\u00fablica Dominicana en San Pedro Sula, Honduras\",\"description\":\"\",\"publisher\":{\"@id\":\"https:\\\/\\\/hnd.mirex.gob.do\\\/consular\\\/san-pedro-sula\\\/#organization\"},\"potentialAction\":[{\"@type\":\"SearchAction\",\"target\":{\"@type\":\"EntryPoint\",\"urlTemplate\":\"https:\\\/\\\/hnd.mirex.gob.do\\\/consular\\\/san-pedro-sula\\\/?s={search_term_string}\"},\"query-input\":{\"@type\":\"PropertyValueSpecification\",\"valueRequired\":true,\"valueName\":\"search_term_string\"}}],\"inLanguage\":\"en-US\"},{\"@type\":\"Organization\",\"@id\":\"https:\\\/\\\/hnd.mirex.gob.do\\\/consular\\\/san-pedro-sula\\\/#organization\",\"name\":\"Consulado General de la Rep\u00fablica Dominicana en San Pedro Sula, Honduras\",\"url\":\"https:\\\/\\\/hnd.mirex.gob.do\\\/consular\\\/san-pedro-sula\\\/\",\"logo\":{\"@type\":\"ImageObject\",\"inLanguage\":\"en-US\",\"@id\":\"https:\\\/\\\/hnd.mirex.gob.do\\\/consular\\\/san-pedro-sula\\\/#\\\/schema\\\/logo\\\/image\\\/\",\"url\":\"https:\\\/\\\/hnd.mirex.gob.do\\\/consular\\\/san-pedro-sula\\\/wp-content\\\/uploads\\\/2022\\\/05\\\/CONSULADO-San-Pedro-Sula-Honduras-RD-04.png\",\"contentUrl\":\"https:\\\/\\\/hnd.mirex.gob.do\\\/consular\\\/san-pedro-sula\\\/wp-content\\\/uploads\\\/2022\\\/05\\\/CONSULADO-San-Pedro-Sula-Honduras-RD-04.png\",\"width\":4163,\"height\":1788,\"caption\":\"Consulado General de la Rep\u00fablica Dominicana en San Pedro Sula, Honduras\"},\"image\":{\"@id\":\"https:\\\/\\\/hnd.mirex.gob.do\\\/consular\\\/san-pedro-sula\\\/#\\\/schema\\\/logo\\\/image\\\/\"}},{\"@type\":\"Person\",\"@id\":\"https:\\\/\\\/hnd.mirex.gob.do\\\/consular\\\/san-pedro-sula\\\/#\\\/schema\\\/person\\\/49b460c0de7078d10159326ca77d4aaa\",\"name\":\"Fernando Reinoso\",\"image\":{\"@type\":\"ImageObject\",\"inLanguage\":\"en-US\",\"@id\":\"https:\\\/\\\/secure.gravatar.com\\\/avatar\\\/8b2a9f1c6fc320e68cb25eee23366fe4b7fd7fcef7253e31dc6d194881669bcd?s=96&d=mm&r=g\",\"url\":\"https:\\\/\\\/secure.gravatar.com\\\/avatar\\\/8b2a9f1c6fc320e68cb25eee23366fe4b7fd7fcef7253e31dc6d194881669bcd?s=96&d=mm&r=g\",\"contentUrl\":\"https:\\\/\\\/secure.gravatar.com\\\/avatar\\\/8b2a9f1c6fc320e68cb25eee23366fe4b7fd7fcef7253e31dc6d194881669bcd?s=96&d=mm&r=g\",\"caption\":\"Fernando Reinoso\"}}]}<\/script>\n<!-- \/ Yoast SEO plugin. -->","yoast_head_json":{"title":"Presidente Abinader recibe a su hom\u00f3logo de Guyana, Mohamed Irfaan Al\u00ed, en visita oficial - Consulado General de la Rep\u00fablica Dominicana en San Pedro Sula, Honduras","robots":{"index":"index","follow":"follow","max-snippet":"max-snippet:-1","max-image-preview":"max-image-preview:large","max-video-preview":"max-video-preview:-1"},"canonical":"https:\/\/hnd.mirex.gob.do\/consular\/san-pedro-sula\/presidente-abinader-recibe-a-su-homologo-de-guyana-mohamed-irfaan-ali-en-visita-oficial\/","og_locale":"en_US","og_type":"article","og_title":"Presidente Abinader recibe a su hom\u00f3logo de Guyana, Mohamed Irfaan Al\u00ed, en visita oficial - Consulado General de la Rep\u00fablica Dominicana en San Pedro Sula, Honduras","og_description":"Santo Domingo. El presidente Luis Abinader recibi\u00f3 este martes en el Palacio Nacional a su hom\u00f3logo de la Rep\u00fablica Cooperativa de Guyana, Mohamed Irfaan Al\u00ed, quien realiza una visita oficial al pa\u00eds. La visita del presidente de Guyana se realiza en el marco de las iniciativas de fortalecimiento de las relaciones diplom\u00e1ticas entre ambas naciones, [&hellip;]","og_url":"https:\/\/hnd.mirex.gob.do\/consular\/san-pedro-sula\/presidente-abinader-recibe-a-su-homologo-de-guyana-mohamed-irfaan-ali-en-visita-oficial\/","og_site_name":"Consulado General de la Rep\u00fablica Dominicana en San Pedro Sula, Honduras","article_published_time":"2023-08-08T17:27:48+00:00","article_modified_time":"2023-08-10T15:20:58+00:00","og_image":[{"width":1024,"height":682,"url":"https:\/\/hnd.mirex.gob.do\/consular\/san-pedro-sula\/wp-content\/uploads\/2023\/08\/D93DD414-CFBD-444C-A397-0E1E9515481B.jpeg","type":"image\/jpeg"}],"author":"Fernando Reinoso","twitter_card":"summary_large_image","twitter_misc":{"Written by":"Fernando Reinoso","Est. reading time":"4 minutes"},"schema":{"@context":"https:\/\/schema.org","@graph":[{"@type":"Article","@id":"https:\/\/hnd.mirex.gob.do\/consular\/san-pedro-sula\/presidente-abinader-recibe-a-su-homologo-de-guyana-mohamed-irfaan-ali-en-visita-oficial\/#article","isPartOf":{"@id":"https:\/\/hnd.mirex.gob.do\/consular\/san-pedro-sula\/presidente-abinader-recibe-a-su-homologo-de-guyana-mohamed-irfaan-ali-en-visita-oficial\/"},"author":{"name":"Fernando Reinoso","@id":"https:\/\/hnd.mirex.gob.do\/consular\/san-pedro-sula\/#\/schema\/person\/49b460c0de7078d10159326ca77d4aaa"},"headline":"Presidente Abinader recibe a su hom\u00f3logo de Guyana, Mohamed Irfaan Al\u00ed, en visita oficial","datePublished":"2023-08-08T17:27:48+00:00","dateModified":"2023-08-10T15:20:58+00:00","mainEntityOfPage":{"@id":"https:\/\/hnd.mirex.gob.do\/consular\/san-pedro-sula\/presidente-abinader-recibe-a-su-homologo-de-guyana-mohamed-irfaan-ali-en-visita-oficial\/"},"wordCount":715,"publisher":{"@id":"https:\/\/hnd.mirex.gob.do\/consular\/san-pedro-sula\/#organization"},"image":{"@id":"https:\/\/hnd.mirex.gob.do\/consular\/san-pedro-sula\/presidente-abinader-recibe-a-su-homologo-de-guyana-mohamed-irfaan-ali-en-visita-oficial\/#primaryimage"},"thumbnailUrl":"https:\/\/hnd.mirex.gob.do\/consular\/san-pedro-sula\/wp-content\/uploads\/2023\/08\/D93DD414-CFBD-444C-A397-0E1E9515481B.jpeg","articleSection":["Noticias"],"inLanguage":"en-US"},{"@type":"WebPage","@id":"https:\/\/hnd.mirex.gob.do\/consular\/san-pedro-sula\/presidente-abinader-recibe-a-su-homologo-de-guyana-mohamed-irfaan-ali-en-visita-oficial\/","url":"https:\/\/hnd.mirex.gob.do\/consular\/san-pedro-sula\/presidente-abinader-recibe-a-su-homologo-de-guyana-mohamed-irfaan-ali-en-visita-oficial\/","name":"Presidente Abinader recibe a su hom\u00f3logo de Guyana, Mohamed Irfaan Al\u00ed, en visita oficial - Consulado General de la Rep\u00fablica Dominicana en San Pedro Sula, Honduras","isPartOf":{"@id":"https:\/\/hnd.mirex.gob.do\/consular\/san-pedro-sula\/#website"},"primaryImageOfPage":{"@id":"https:\/\/hnd.mirex.gob.do\/consular\/san-pedro-sula\/presidente-abinader-recibe-a-su-homologo-de-guyana-mohamed-irfaan-ali-en-visita-oficial\/#primaryimage"},"image":{"@id":"https:\/\/hnd.mirex.gob.do\/consular\/san-pedro-sula\/presidente-abinader-recibe-a-su-homologo-de-guyana-mohamed-irfaan-ali-en-visita-oficial\/#primaryimage"},"thumbnailUrl":"https:\/\/hnd.mirex.gob.do\/consular\/san-pedro-sula\/wp-content\/uploads\/2023\/08\/D93DD414-CFBD-444C-A397-0E1E9515481B.jpeg","datePublished":"2023-08-08T17:27:48+00:00","dateModified":"2023-08-10T15:20:58+00:00","breadcrumb":{"@id":"https:\/\/hnd.mirex.gob.do\/consular\/san-pedro-sula\/presidente-abinader-recibe-a-su-homologo-de-guyana-mohamed-irfaan-ali-en-visita-oficial\/#breadcrumb"},"inLanguage":"en-US","potentialAction":[{"@type":"ReadAction","target":["https:\/\/hnd.mirex.gob.do\/consular\/san-pedro-sula\/presidente-abinader-recibe-a-su-homologo-de-guyana-mohamed-irfaan-ali-en-visita-oficial\/"]}]},{"@type":"ImageObject","inLanguage":"en-US","@id":"https:\/\/hnd.mirex.gob.do\/consular\/san-pedro-sula\/presidente-abinader-recibe-a-su-homologo-de-guyana-mohamed-irfaan-ali-en-visita-oficial\/#primaryimage","url":"https:\/\/hnd.mirex.gob.do\/consular\/san-pedro-sula\/wp-content\/uploads\/2023\/08\/D93DD414-CFBD-444C-A397-0E1E9515481B.jpeg","contentUrl":"https:\/\/hnd.mirex.gob.do\/consular\/san-pedro-sula\/wp-content\/uploads\/2023\/08\/D93DD414-CFBD-444C-A397-0E1E9515481B.jpeg","width":1024,"height":682},{"@type":"BreadcrumbList","@id":"https:\/\/hnd.mirex.gob.do\/consular\/san-pedro-sula\/presidente-abinader-recibe-a-su-homologo-de-guyana-mohamed-irfaan-ali-en-visita-oficial\/#breadcrumb","itemListElement":[{"@type":"ListItem","position":1,"name":"Inicio","item":"https:\/\/hnd.mirex.gob.do\/consular\/san-pedro-sula\/"},{"@type":"ListItem","position":2,"name":"Presidente Abinader recibe a su hom\u00f3logo de Guyana, Mohamed Irfaan Al\u00ed, en visita oficial"}]},{"@type":"WebSite","@id":"https:\/\/hnd.mirex.gob.do\/consular\/san-pedro-sula\/#website","url":"https:\/\/hnd.mirex.gob.do\/consular\/san-pedro-sula\/","name":"Consulado General de la Rep\u00fablica Dominicana en San Pedro Sula, Honduras","description":"","publisher":{"@id":"https:\/\/hnd.mirex.gob.do\/consular\/san-pedro-sula\/#organization"},"potentialAction":[{"@type":"SearchAction","target":{"@type":"EntryPoint","urlTemplate":"https:\/\/hnd.mirex.gob.do\/consular\/san-pedro-sula\/?s={search_term_string}"},"query-input":{"@type":"PropertyValueSpecification","valueRequired":true,"valueName":"search_term_string"}}],"inLanguage":"en-US"},{"@type":"Organization","@id":"https:\/\/hnd.mirex.gob.do\/consular\/san-pedro-sula\/#organization","name":"Consulado General de la Rep\u00fablica Dominicana en San Pedro Sula, Honduras","url":"https:\/\/hnd.mirex.gob.do\/consular\/san-pedro-sula\/","logo":{"@type":"ImageObject","inLanguage":"en-US","@id":"https:\/\/hnd.mirex.gob.do\/consular\/san-pedro-sula\/#\/schema\/logo\/image\/","url":"https:\/\/hnd.mirex.gob.do\/consular\/san-pedro-sula\/wp-content\/uploads\/2022\/05\/CONSULADO-San-Pedro-Sula-Honduras-RD-04.png","contentUrl":"https:\/\/hnd.mirex.gob.do\/consular\/san-pedro-sula\/wp-content\/uploads\/2022\/05\/CONSULADO-San-Pedro-Sula-Honduras-RD-04.png","width":4163,"height":1788,"caption":"Consulado General de la Rep\u00fablica Dominicana en San Pedro Sula, Honduras"},"image":{"@id":"https:\/\/hnd.mirex.gob.do\/consular\/san-pedro-sula\/#\/schema\/logo\/image\/"}},{"@type":"Person","@id":"https:\/\/hnd.mirex.gob.do\/consular\/san-pedro-sula\/#\/schema\/person\/49b460c0de7078d10159326ca77d4aaa","name":"Fernando Reinoso","image":{"@type":"ImageObject","inLanguage":"en-US","@id":"https:\/\/secure.gravatar.com\/avatar\/8b2a9f1c6fc320e68cb25eee23366fe4b7fd7fcef7253e31dc6d194881669bcd?s=96&d=mm&r=g","url":"https:\/\/secure.gravatar.com\/avatar\/8b2a9f1c6fc320e68cb25eee23366fe4b7fd7fcef7253e31dc6d194881669bcd?s=96&d=mm&r=g","contentUrl":"https:\/\/secure.gravatar.com\/avatar\/8b2a9f1c6fc320e68cb25eee23366fe4b7fd7fcef7253e31dc6d194881669bcd?s=96&d=mm&r=g","caption":"Fernando Reinoso"}}]}},"_links":{"self":[{"href":"https:\/\/hnd.mirex.gob.do\/consular\/san-pedro-sula\/wp-json\/wp\/v2\/posts\/6120","targetHints":{"allow":["GET"]}}],"collection":[{"href":"https:\/\/hnd.mirex.gob.do\/consular\/san-pedro-sula\/wp-json\/wp\/v2\/posts"}],"about":[{"href":"https:\/\/hnd.mirex.gob.do\/consular\/san-pedro-sula\/wp-json\/wp\/v2\/types\/post"}],"author":[{"embeddable":true,"href":"https:\/\/hnd.mirex.gob.do\/consular\/san-pedro-sula\/wp-json\/wp\/v2\/users\/7"}],"replies":[{"embeddable":true,"href":"https:\/\/hnd.mirex.gob.do\/consular\/san-pedro-sula\/wp-json\/wp\/v2\/comments?post=6120"}],"version-history":[{"count":1,"href":"https:\/\/hnd.mirex.gob.do\/consular\/san-pedro-sula\/wp-json\/wp\/v2\/posts\/6120\/revisions"}],"predecessor-version":[{"id":6121,"href":"https:\/\/hnd.mirex.gob.do\/consular\/san-pedro-sula\/wp-json\/wp\/v2\/posts\/6120\/revisions\/6121"}],"wp:featuredmedia":[{"embeddable":true,"href":"https:\/\/hnd.mirex.gob.do\/consular\/san-pedro-sula\/wp-json\/wp\/v2\/media\/6122"}],"wp:attachment":[{"href":"https:\/\/hnd.mirex.gob.do\/consular\/san-pedro-sula\/wp-json\/wp\/v2\/media?parent=6120"}],"wp:term":[{"taxonomy":"category","embeddable":true,"href":"https:\/\/hnd.mirex.gob.do\/consular\/san-pedro-sula\/wp-json\/wp\/v2\/categories?post=6120"},{"taxonomy":"post_tag","embeddable":true,"href":"https:\/\/hnd.mirex.gob.do\/consular\/san-pedro-sula\/wp-json\/wp\/v2\/tags?post=6120"}],"curies":[{"name":"wp","href":"https:\/\/api.w.org\/{rel}","templated":true}]}}