{"id":6180,"date":"2025-04-29T14:41:21","date_gmt":"2025-04-29T14:41:21","guid":{"rendered":"https:\/\/hnd.mirex.gob.do\/consular\/san-pedro-sula\/?p=6180"},"modified":"2025-04-29T14:41:21","modified_gmt":"2025-04-29T14:41:21","slug":"consul-general-de-rd-honduras-rinde-memorias-de-primer-ano-de-gestion","status":"publish","type":"post","link":"https:\/\/hnd.mirex.gob.do\/consular\/san-pedro-sula\/consul-general-de-rd-honduras-rinde-memorias-de-primer-ano-de-gestion\/","title":{"rendered":"C\u00f3nsul general de RD Honduras rinde memorias de primer a\u00f1o de gesti\u00f3n"},"content":{"rendered":"<p>El C\u00f3nsul General de Republica dominicana en San Pedro Sula, Republica de Honduras, Melinton Jim\u00e9nez Salvador, rindi\u00f3 cuentas de la gesti\u00f3n consular 2024-2025 este domingo, donde a manifest\u00f3 que se ha ejecutado una labor consular comprometida con el fortalecimiento de los lazos entre la Rep\u00fablica Dominicana y esa naci\u00f3n centro americana.<\/p>\n<p>En el marco de la presentaci\u00f3n de sus memorias, Jim\u00e9nez Salvador, dijo, que por m\u00e1s de 20 a\u00f1os la presencia de la misi\u00f3n consular de San Pedro Sula, fue considerada una misi\u00f3n \u201cpasiva\u201d, hoy en d\u00eda es una misi\u00f3n mucho m\u00e1s din\u00e1mica.<\/p>\n<p>Destac\u00f3, Jim\u00e9nez Salvador, que durante el primer a\u00f1o de gesti\u00f3n al frente del Consulado ha trabajado de manera alineada con los ejes estrat\u00e9gicos definidos por el gobierno del presidente Lu\u00eds Rodolfo Abinader Corona, logrado avances sustanciales en la implementaci\u00f3n de los objetivos definidos en dicha pol\u00edtica exterior, con inter\u00e9s en aquellos que orientan la labor consular en el extranjero.<\/p>\n<p>Enfatiz\u00f3, que la gesti\u00f3n se ha caracterizado, por la protecci\u00f3n de los derechos e intereses de connacionales y donde se han realizado programas ante las autoridades del Gobierno hondure\u00f1o, de la ciudad, del cuerpo consular, de la sociedad civil y sobre todo de la di\u00e1spora dominicana.<\/p>\n<p>Dijo, que el Consulado, ha sido a lo largo de los \u00faltimos a\u00f1os, un punto de encuentro y de centro de asistencia fundamental para la comunidad dominicana residente en la regi\u00f3n norte de Honduras y para los hondure\u00f1os interesados en visitar o invertir en la naci\u00f3n que representa ante el consulado.<\/p>\n<p>\u201cEstos logros reflejan nuestro firme compromiso con la atenci\u00f3n y el apoyo a la di\u00e1spora dominicana y todo aquel interesado directa o indirectamente en nuestro pa\u00eds, adem\u00e1s de fortalecer las relaciones diplom\u00e1ticas y consulares con Honduras, promoviendo el desarrollo integral de nuestra comunidad en el exterior\u201d se\u00f1alo.<\/p>\n<p>Puso en \u00e9nfasis que ha logrado Implementar el Sistema de Gesti\u00f3n de Misiones y otros sistemas, lo que ha permitido la continuidad en la prestaci\u00f3n de los servicios consulares, mejorar la gesti\u00f3n interna, reduciendo la burocracia y optimizando el tiempo de respuesta a los ciudadanos.<\/p>\n<p>Adem\u00e1s, la ejecuci\u00f3n estimada del primer semestre 2025, con los cuales, dijo, logr\u00f3 convertirse en uno de los Consulados Generales inter-conectado con la Direcci\u00f3n General de Pasaportes, lo que les permitir\u00e1 reducir el tiempo de emisi\u00f3n y renovaci\u00f3n de pasaportes y acercar m\u00e1s este servicio a los connacionales que lo requieran.<\/p>\n<p>Tambi\u00e9n, la activaci\u00f3n de l\u00ednea telef\u00f3nica de emergencia, con el objetivo de mejorar y agilizar los servicios y prestar una atenci\u00f3n m\u00e1s personalizada y fluida a los ciudadanos en situaci\u00f3n de emergencia.<\/p>\n<p>Cabe destacar que el representante ante el Consulado en San Pedro Sula, Jim\u00e9nez Salvador, por su desempe\u00f1o ante el organismo, en aras de fomentar el desarrollo de las relaciones comerciales, econ\u00f3micas, culturales y cient\u00edficas entre la Rep\u00fablica Dominicana y la Rep\u00fablica de Honduras, y promover las relaciones amistosas y de cooperaci\u00f3n entre las mismas, recibi\u00f3 en el pasado a\u00f1o 2024, un reconocimiento de la Universidad de San Pedro Sula.<\/p>\n","protected":false},"excerpt":{"rendered":"<p>El C\u00f3nsul General de Republica dominicana en San Pedro Sula, Republica de Honduras, Melinton Jim\u00e9nez Salvador, rindi\u00f3 cuentas de la gesti\u00f3n consular 2024-2025 este domingo, donde a manifest\u00f3 que se ha ejecutado una labor consular comprometida con el fortalecimiento de los lazos entre la Rep\u00fablica Dominicana y esa naci\u00f3n centro americana. En el marco de [&hellip;]<\/p>\n","protected":false},"author":8,"featured_media":6181,"comment_status":"closed","ping_status":"open","sticky":false,"template":"","format":"standard","meta":{"site-sidebar-layout":"default","site-content-layout":"","ast-site-content-layout":"default","site-content-style":"default","site-sidebar-style":"default","ast-global-header-display":"","ast-banner-title-visibility":"","ast-main-header-display":"","ast-hfb-above-header-display":"","ast-hfb-below-header-display":"","ast-hfb-mobile-header-display":"","site-post-title":"","ast-breadcrumbs-content":"","ast-featured-img":"","footer-sml-layout":"","ast-disable-related-posts":"","theme-transparent-header-meta":"default","adv-header-id-meta":"","stick-header-meta":"","header-above-stick-meta":"","header-main-stick-meta":"","header-below-stick-meta":"","astra-migrate-meta-layouts":"set","ast-page-background-enabled":"default","ast-page-background-meta":{"desktop":{"background-color":"","background-image":"","background-repeat":"repeat","background-position":"center center","background-size":"auto","background-attachment":"scroll","background-type":"","background-media":"","overlay-type":"","overlay-color":"","overlay-opacity":"","overlay-gradient":""},"tablet":{"background-color":"","background-image":"","background-repeat":"repeat","background-position":"center center","background-size":"auto","background-attachment":"scroll","background-type":"","background-media":"","overlay-type":"","overlay-color":"","overlay-opacity":"","overlay-gradient":""},"mobile":{"background-color":"","background-image":"","background-repeat":"repeat","background-position":"center center","background-size":"auto","background-attachment":"scroll","background-type":"","background-media":"","overlay-type":"","overlay-color":"","overlay-opacity":"","overlay-gradient":""}},"ast-content-background-meta":{"desktop":{"background-color":"var(--ast-global-color-5)","background-image":"","background-repeat":"repeat","background-position":"center center","background-size":"auto","background-attachment":"scroll","background-type":"","background-media":"","overlay-type":"","overlay-color":"","overlay-opacity":"","overlay-gradient":""},"tablet":{"background-color":"var(--ast-global-color-5)","background-image":"","background-repeat":"repeat","background-position":"center center","background-size":"auto","background-attachment":"scroll","background-type":"","background-media":"","overlay-type":"","overlay-color":"","overlay-opacity":"","overlay-gradient":""},"mobile":{"background-color":"var(--ast-global-color-5)","background-image":"","background-repeat":"repeat","background-position":"center center","background-size":"auto","background-attachment":"scroll","background-type":"","background-media":"","overlay-type":"","overlay-color":"","overlay-opacity":"","overlay-gradient":""}},"footnotes":""},"categories":[5],"tags":[],"class_list":["post-6180","post","type-post","status-publish","format-standard","has-post-thumbnail","hentry","category-noticias"],"yoast_head":"<!-- This site is optimized with the Yoast SEO plugin v27.4 - https:\/\/yoast.com\/product\/yoast-seo-wordpress\/ -->\n<title>C\u00f3nsul general de RD Honduras rinde memorias de primer a\u00f1o de gesti\u00f3n - Consulado General de la Rep\u00fablica Dominicana en San Pedro Sula, Honduras<\/title>\n<meta name=\"robots\" content=\"index, follow, max-snippet:-1, max-image-preview:large, max-video-preview:-1\" \/>\n<link rel=\"canonical\" href=\"https:\/\/hnd.mirex.gob.do\/consular\/san-pedro-sula\/consul-general-de-rd-honduras-rinde-memorias-de-primer-ano-de-gestion\/\" \/>\n<meta property=\"og:locale\" content=\"en_US\" \/>\n<meta property=\"og:type\" content=\"article\" \/>\n<meta property=\"og:title\" content=\"C\u00f3nsul general de RD Honduras rinde memorias de primer a\u00f1o de gesti\u00f3n - Consulado General de la Rep\u00fablica Dominicana en San Pedro Sula, Honduras\" \/>\n<meta property=\"og:description\" content=\"El C\u00f3nsul General de Republica dominicana en San Pedro Sula, Republica de Honduras, Melinton Jim\u00e9nez Salvador, rindi\u00f3 cuentas de la gesti\u00f3n consular 2024-2025 este domingo, donde a manifest\u00f3 que se ha ejecutado una labor consular comprometida con el fortalecimiento de los lazos entre la Rep\u00fablica Dominicana y esa naci\u00f3n centro americana. En el marco de [&hellip;]\" \/>\n<meta property=\"og:url\" content=\"https:\/\/hnd.mirex.gob.do\/consular\/san-pedro-sula\/consul-general-de-rd-honduras-rinde-memorias-de-primer-ano-de-gestion\/\" \/>\n<meta property=\"og:site_name\" content=\"Consulado General de la Rep\u00fablica Dominicana en San Pedro Sula, Honduras\" \/>\n<meta property=\"article:published_time\" content=\"2025-04-29T14:41:21+00:00\" \/>\n<meta property=\"og:image\" content=\"https:\/\/hnd.mirex.gob.do\/consular\/san-pedro-sula\/wp-content\/uploads\/2025\/04\/WhatsApp-Image-2024-07-06-at-15.01.46.jpeg\" \/>\n\t<meta property=\"og:image:width\" content=\"1280\" \/>\n\t<meta property=\"og:image:height\" content=\"853\" \/>\n\t<meta property=\"og:image:type\" content=\"image\/jpeg\" \/>\n<meta name=\"author\" content=\"Melinton Jim\u00e9nez Salvador\" \/>\n<meta name=\"twitter:card\" content=\"summary_large_image\" \/>\n<meta name=\"twitter:label1\" content=\"Written by\" \/>\n\t<meta name=\"twitter:data1\" content=\"Melinton Jim\u00e9nez Salvador\" \/>\n\t<meta name=\"twitter:label2\" content=\"Est. reading time\" \/>\n\t<meta name=\"twitter:data2\" content=\"3 minutes\" \/>\n<script type=\"application\/ld+json\" class=\"yoast-schema-graph\">{\"@context\":\"https:\\\/\\\/schema.org\",\"@graph\":[{\"@type\":\"Article\",\"@id\":\"https:\\\/\\\/hnd.mirex.gob.do\\\/consular\\\/san-pedro-sula\\\/consul-general-de-rd-honduras-rinde-memorias-de-primer-ano-de-gestion\\\/#article\",\"isPartOf\":{\"@id\":\"https:\\\/\\\/hnd.mirex.gob.do\\\/consular\\\/san-pedro-sula\\\/consul-general-de-rd-honduras-rinde-memorias-de-primer-ano-de-gestion\\\/\"},\"author\":{\"name\":\"Melinton Jim\u00e9nez Salvador\",\"@id\":\"https:\\\/\\\/hnd.mirex.gob.do\\\/consular\\\/san-pedro-sula\\\/#\\\/schema\\\/person\\\/eb38ad8c2f8e6f33c9922a58d63a9844\"},\"headline\":\"C\u00f3nsul general de RD Honduras rinde memorias de primer a\u00f1o de gesti\u00f3n\",\"datePublished\":\"2025-04-29T14:41:21+00:00\",\"mainEntityOfPage\":{\"@id\":\"https:\\\/\\\/hnd.mirex.gob.do\\\/consular\\\/san-pedro-sula\\\/consul-general-de-rd-honduras-rinde-memorias-de-primer-ano-de-gestion\\\/\"},\"wordCount\":566,\"publisher\":{\"@id\":\"https:\\\/\\\/hnd.mirex.gob.do\\\/consular\\\/san-pedro-sula\\\/#organization\"},\"image\":{\"@id\":\"https:\\\/\\\/hnd.mirex.gob.do\\\/consular\\\/san-pedro-sula\\\/consul-general-de-rd-honduras-rinde-memorias-de-primer-ano-de-gestion\\\/#primaryimage\"},\"thumbnailUrl\":\"https:\\\/\\\/hnd.mirex.gob.do\\\/consular\\\/san-pedro-sula\\\/wp-content\\\/uploads\\\/2025\\\/04\\\/WhatsApp-Image-2024-07-06-at-15.01.46.jpeg\",\"articleSection\":[\"Noticias\"],\"inLanguage\":\"en-US\"},{\"@type\":\"WebPage\",\"@id\":\"https:\\\/\\\/hnd.mirex.gob.do\\\/consular\\\/san-pedro-sula\\\/consul-general-de-rd-honduras-rinde-memorias-de-primer-ano-de-gestion\\\/\",\"url\":\"https:\\\/\\\/hnd.mirex.gob.do\\\/consular\\\/san-pedro-sula\\\/consul-general-de-rd-honduras-rinde-memorias-de-primer-ano-de-gestion\\\/\",\"name\":\"C\u00f3nsul general de RD Honduras rinde memorias de primer a\u00f1o de gesti\u00f3n - Consulado General de la Rep\u00fablica Dominicana en San Pedro Sula, Honduras\",\"isPartOf\":{\"@id\":\"https:\\\/\\\/hnd.mirex.gob.do\\\/consular\\\/san-pedro-sula\\\/#website\"},\"primaryImageOfPage\":{\"@id\":\"https:\\\/\\\/hnd.mirex.gob.do\\\/consular\\\/san-pedro-sula\\\/consul-general-de-rd-honduras-rinde-memorias-de-primer-ano-de-gestion\\\/#primaryimage\"},\"image\":{\"@id\":\"https:\\\/\\\/hnd.mirex.gob.do\\\/consular\\\/san-pedro-sula\\\/consul-general-de-rd-honduras-rinde-memorias-de-primer-ano-de-gestion\\\/#primaryimage\"},\"thumbnailUrl\":\"https:\\\/\\\/hnd.mirex.gob.do\\\/consular\\\/san-pedro-sula\\\/wp-content\\\/uploads\\\/2025\\\/04\\\/WhatsApp-Image-2024-07-06-at-15.01.46.jpeg\",\"datePublished\":\"2025-04-29T14:41:21+00:00\",\"breadcrumb\":{\"@id\":\"https:\\\/\\\/hnd.mirex.gob.do\\\/consular\\\/san-pedro-sula\\\/consul-general-de-rd-honduras-rinde-memorias-de-primer-ano-de-gestion\\\/#breadcrumb\"},\"inLanguage\":\"en-US\",\"potentialAction\":[{\"@type\":\"ReadAction\",\"target\":[\"https:\\\/\\\/hnd.mirex.gob.do\\\/consular\\\/san-pedro-sula\\\/consul-general-de-rd-honduras-rinde-memorias-de-primer-ano-de-gestion\\\/\"]}]},{\"@type\":\"ImageObject\",\"inLanguage\":\"en-US\",\"@id\":\"https:\\\/\\\/hnd.mirex.gob.do\\\/consular\\\/san-pedro-sula\\\/consul-general-de-rd-honduras-rinde-memorias-de-primer-ano-de-gestion\\\/#primaryimage\",\"url\":\"https:\\\/\\\/hnd.mirex.gob.do\\\/consular\\\/san-pedro-sula\\\/wp-content\\\/uploads\\\/2025\\\/04\\\/WhatsApp-Image-2024-07-06-at-15.01.46.jpeg\",\"contentUrl\":\"https:\\\/\\\/hnd.mirex.gob.do\\\/consular\\\/san-pedro-sula\\\/wp-content\\\/uploads\\\/2025\\\/04\\\/WhatsApp-Image-2024-07-06-at-15.01.46.jpeg\",\"width\":1280,\"height\":853},{\"@type\":\"BreadcrumbList\",\"@id\":\"https:\\\/\\\/hnd.mirex.gob.do\\\/consular\\\/san-pedro-sula\\\/consul-general-de-rd-honduras-rinde-memorias-de-primer-ano-de-gestion\\\/#breadcrumb\",\"itemListElement\":[{\"@type\":\"ListItem\",\"position\":1,\"name\":\"Inicio\",\"item\":\"https:\\\/\\\/hnd.mirex.gob.do\\\/consular\\\/san-pedro-sula\\\/\"},{\"@type\":\"ListItem\",\"position\":2,\"name\":\"C\u00f3nsul general de RD Honduras rinde memorias de primer a\u00f1o de gesti\u00f3n\"}]},{\"@type\":\"WebSite\",\"@id\":\"https:\\\/\\\/hnd.mirex.gob.do\\\/consular\\\/san-pedro-sula\\\/#website\",\"url\":\"https:\\\/\\\/hnd.mirex.gob.do\\\/consular\\\/san-pedro-sula\\\/\",\"name\":\"Consulado General de la Rep\u00fablica Dominicana en San Pedro Sula, Honduras\",\"description\":\"\",\"publisher\":{\"@id\":\"https:\\\/\\\/hnd.mirex.gob.do\\\/consular\\\/san-pedro-sula\\\/#organization\"},\"potentialAction\":[{\"@type\":\"SearchAction\",\"target\":{\"@type\":\"EntryPoint\",\"urlTemplate\":\"https:\\\/\\\/hnd.mirex.gob.do\\\/consular\\\/san-pedro-sula\\\/?s={search_term_string}\"},\"query-input\":{\"@type\":\"PropertyValueSpecification\",\"valueRequired\":true,\"valueName\":\"search_term_string\"}}],\"inLanguage\":\"en-US\"},{\"@type\":\"Organization\",\"@id\":\"https:\\\/\\\/hnd.mirex.gob.do\\\/consular\\\/san-pedro-sula\\\/#organization\",\"name\":\"Consulado General de la Rep\u00fablica Dominicana en San Pedro Sula, Honduras\",\"url\":\"https:\\\/\\\/hnd.mirex.gob.do\\\/consular\\\/san-pedro-sula\\\/\",\"logo\":{\"@type\":\"ImageObject\",\"inLanguage\":\"en-US\",\"@id\":\"https:\\\/\\\/hnd.mirex.gob.do\\\/consular\\\/san-pedro-sula\\\/#\\\/schema\\\/logo\\\/image\\\/\",\"url\":\"https:\\\/\\\/hnd.mirex.gob.do\\\/consular\\\/san-pedro-sula\\\/wp-content\\\/uploads\\\/2022\\\/05\\\/CONSULADO-San-Pedro-Sula-Honduras-RD-04.png\",\"contentUrl\":\"https:\\\/\\\/hnd.mirex.gob.do\\\/consular\\\/san-pedro-sula\\\/wp-content\\\/uploads\\\/2022\\\/05\\\/CONSULADO-San-Pedro-Sula-Honduras-RD-04.png\",\"width\":4163,\"height\":1788,\"caption\":\"Consulado General de la Rep\u00fablica Dominicana en San Pedro Sula, Honduras\"},\"image\":{\"@id\":\"https:\\\/\\\/hnd.mirex.gob.do\\\/consular\\\/san-pedro-sula\\\/#\\\/schema\\\/logo\\\/image\\\/\"}},{\"@type\":\"Person\",\"@id\":\"https:\\\/\\\/hnd.mirex.gob.do\\\/consular\\\/san-pedro-sula\\\/#\\\/schema\\\/person\\\/eb38ad8c2f8e6f33c9922a58d63a9844\",\"name\":\"Melinton Jim\u00e9nez Salvador\",\"image\":{\"@type\":\"ImageObject\",\"inLanguage\":\"en-US\",\"@id\":\"https:\\\/\\\/secure.gravatar.com\\\/avatar\\\/b3012c2883f3ebcf5b716cb851d7c9a9c3a90a627e88fcc5b49074c5a0b6fff7?s=96&d=mm&r=g\",\"url\":\"https:\\\/\\\/secure.gravatar.com\\\/avatar\\\/b3012c2883f3ebcf5b716cb851d7c9a9c3a90a627e88fcc5b49074c5a0b6fff7?s=96&d=mm&r=g\",\"contentUrl\":\"https:\\\/\\\/secure.gravatar.com\\\/avatar\\\/b3012c2883f3ebcf5b716cb851d7c9a9c3a90a627e88fcc5b49074c5a0b6fff7?s=96&d=mm&r=g\",\"caption\":\"Melinton Jim\u00e9nez Salvador\"}}]}<\/script>\n<!-- \/ Yoast SEO plugin. -->","yoast_head_json":{"title":"C\u00f3nsul general de RD Honduras rinde memorias de primer a\u00f1o de gesti\u00f3n - Consulado General de la Rep\u00fablica Dominicana en San Pedro Sula, Honduras","robots":{"index":"index","follow":"follow","max-snippet":"max-snippet:-1","max-image-preview":"max-image-preview:large","max-video-preview":"max-video-preview:-1"},"canonical":"https:\/\/hnd.mirex.gob.do\/consular\/san-pedro-sula\/consul-general-de-rd-honduras-rinde-memorias-de-primer-ano-de-gestion\/","og_locale":"en_US","og_type":"article","og_title":"C\u00f3nsul general de RD Honduras rinde memorias de primer a\u00f1o de gesti\u00f3n - Consulado General de la Rep\u00fablica Dominicana en San Pedro Sula, Honduras","og_description":"El C\u00f3nsul General de Republica dominicana en San Pedro Sula, Republica de Honduras, Melinton Jim\u00e9nez Salvador, rindi\u00f3 cuentas de la gesti\u00f3n consular 2024-2025 este domingo, donde a manifest\u00f3 que se ha ejecutado una labor consular comprometida con el fortalecimiento de los lazos entre la Rep\u00fablica Dominicana y esa naci\u00f3n centro americana. En el marco de [&hellip;]","og_url":"https:\/\/hnd.mirex.gob.do\/consular\/san-pedro-sula\/consul-general-de-rd-honduras-rinde-memorias-de-primer-ano-de-gestion\/","og_site_name":"Consulado General de la Rep\u00fablica Dominicana en San Pedro Sula, Honduras","article_published_time":"2025-04-29T14:41:21+00:00","og_image":[{"width":1280,"height":853,"url":"https:\/\/hnd.mirex.gob.do\/consular\/san-pedro-sula\/wp-content\/uploads\/2025\/04\/WhatsApp-Image-2024-07-06-at-15.01.46.jpeg","type":"image\/jpeg"}],"author":"Melinton Jim\u00e9nez Salvador","twitter_card":"summary_large_image","twitter_misc":{"Written by":"Melinton Jim\u00e9nez Salvador","Est. reading time":"3 minutes"},"schema":{"@context":"https:\/\/schema.org","@graph":[{"@type":"Article","@id":"https:\/\/hnd.mirex.gob.do\/consular\/san-pedro-sula\/consul-general-de-rd-honduras-rinde-memorias-de-primer-ano-de-gestion\/#article","isPartOf":{"@id":"https:\/\/hnd.mirex.gob.do\/consular\/san-pedro-sula\/consul-general-de-rd-honduras-rinde-memorias-de-primer-ano-de-gestion\/"},"author":{"name":"Melinton Jim\u00e9nez Salvador","@id":"https:\/\/hnd.mirex.gob.do\/consular\/san-pedro-sula\/#\/schema\/person\/eb38ad8c2f8e6f33c9922a58d63a9844"},"headline":"C\u00f3nsul general de RD Honduras rinde memorias de primer a\u00f1o de gesti\u00f3n","datePublished":"2025-04-29T14:41:21+00:00","mainEntityOfPage":{"@id":"https:\/\/hnd.mirex.gob.do\/consular\/san-pedro-sula\/consul-general-de-rd-honduras-rinde-memorias-de-primer-ano-de-gestion\/"},"wordCount":566,"publisher":{"@id":"https:\/\/hnd.mirex.gob.do\/consular\/san-pedro-sula\/#organization"},"image":{"@id":"https:\/\/hnd.mirex.gob.do\/consular\/san-pedro-sula\/consul-general-de-rd-honduras-rinde-memorias-de-primer-ano-de-gestion\/#primaryimage"},"thumbnailUrl":"https:\/\/hnd.mirex.gob.do\/consular\/san-pedro-sula\/wp-content\/uploads\/2025\/04\/WhatsApp-Image-2024-07-06-at-15.01.46.jpeg","articleSection":["Noticias"],"inLanguage":"en-US"},{"@type":"WebPage","@id":"https:\/\/hnd.mirex.gob.do\/consular\/san-pedro-sula\/consul-general-de-rd-honduras-rinde-memorias-de-primer-ano-de-gestion\/","url":"https:\/\/hnd.mirex.gob.do\/consular\/san-pedro-sula\/consul-general-de-rd-honduras-rinde-memorias-de-primer-ano-de-gestion\/","name":"C\u00f3nsul general de RD Honduras rinde memorias de primer a\u00f1o de gesti\u00f3n - Consulado General de la Rep\u00fablica Dominicana en San Pedro Sula, Honduras","isPartOf":{"@id":"https:\/\/hnd.mirex.gob.do\/consular\/san-pedro-sula\/#website"},"primaryImageOfPage":{"@id":"https:\/\/hnd.mirex.gob.do\/consular\/san-pedro-sula\/consul-general-de-rd-honduras-rinde-memorias-de-primer-ano-de-gestion\/#primaryimage"},"image":{"@id":"https:\/\/hnd.mirex.gob.do\/consular\/san-pedro-sula\/consul-general-de-rd-honduras-rinde-memorias-de-primer-ano-de-gestion\/#primaryimage"},"thumbnailUrl":"https:\/\/hnd.mirex.gob.do\/consular\/san-pedro-sula\/wp-content\/uploads\/2025\/04\/WhatsApp-Image-2024-07-06-at-15.01.46.jpeg","datePublished":"2025-04-29T14:41:21+00:00","breadcrumb":{"@id":"https:\/\/hnd.mirex.gob.do\/consular\/san-pedro-sula\/consul-general-de-rd-honduras-rinde-memorias-de-primer-ano-de-gestion\/#breadcrumb"},"inLanguage":"en-US","potentialAction":[{"@type":"ReadAction","target":["https:\/\/hnd.mirex.gob.do\/consular\/san-pedro-sula\/consul-general-de-rd-honduras-rinde-memorias-de-primer-ano-de-gestion\/"]}]},{"@type":"ImageObject","inLanguage":"en-US","@id":"https:\/\/hnd.mirex.gob.do\/consular\/san-pedro-sula\/consul-general-de-rd-honduras-rinde-memorias-de-primer-ano-de-gestion\/#primaryimage","url":"https:\/\/hnd.mirex.gob.do\/consular\/san-pedro-sula\/wp-content\/uploads\/2025\/04\/WhatsApp-Image-2024-07-06-at-15.01.46.jpeg","contentUrl":"https:\/\/hnd.mirex.gob.do\/consular\/san-pedro-sula\/wp-content\/uploads\/2025\/04\/WhatsApp-Image-2024-07-06-at-15.01.46.jpeg","width":1280,"height":853},{"@type":"BreadcrumbList","@id":"https:\/\/hnd.mirex.gob.do\/consular\/san-pedro-sula\/consul-general-de-rd-honduras-rinde-memorias-de-primer-ano-de-gestion\/#breadcrumb","itemListElement":[{"@type":"ListItem","position":1,"name":"Inicio","item":"https:\/\/hnd.mirex.gob.do\/consular\/san-pedro-sula\/"},{"@type":"ListItem","position":2,"name":"C\u00f3nsul general de RD Honduras rinde memorias de primer a\u00f1o de gesti\u00f3n"}]},{"@type":"WebSite","@id":"https:\/\/hnd.mirex.gob.do\/consular\/san-pedro-sula\/#website","url":"https:\/\/hnd.mirex.gob.do\/consular\/san-pedro-sula\/","name":"Consulado General de la Rep\u00fablica Dominicana en San Pedro Sula, Honduras","description":"","publisher":{"@id":"https:\/\/hnd.mirex.gob.do\/consular\/san-pedro-sula\/#organization"},"potentialAction":[{"@type":"SearchAction","target":{"@type":"EntryPoint","urlTemplate":"https:\/\/hnd.mirex.gob.do\/consular\/san-pedro-sula\/?s={search_term_string}"},"query-input":{"@type":"PropertyValueSpecification","valueRequired":true,"valueName":"search_term_string"}}],"inLanguage":"en-US"},{"@type":"Organization","@id":"https:\/\/hnd.mirex.gob.do\/consular\/san-pedro-sula\/#organization","name":"Consulado General de la Rep\u00fablica Dominicana en San Pedro Sula, Honduras","url":"https:\/\/hnd.mirex.gob.do\/consular\/san-pedro-sula\/","logo":{"@type":"ImageObject","inLanguage":"en-US","@id":"https:\/\/hnd.mirex.gob.do\/consular\/san-pedro-sula\/#\/schema\/logo\/image\/","url":"https:\/\/hnd.mirex.gob.do\/consular\/san-pedro-sula\/wp-content\/uploads\/2022\/05\/CONSULADO-San-Pedro-Sula-Honduras-RD-04.png","contentUrl":"https:\/\/hnd.mirex.gob.do\/consular\/san-pedro-sula\/wp-content\/uploads\/2022\/05\/CONSULADO-San-Pedro-Sula-Honduras-RD-04.png","width":4163,"height":1788,"caption":"Consulado General de la Rep\u00fablica Dominicana en San Pedro Sula, Honduras"},"image":{"@id":"https:\/\/hnd.mirex.gob.do\/consular\/san-pedro-sula\/#\/schema\/logo\/image\/"}},{"@type":"Person","@id":"https:\/\/hnd.mirex.gob.do\/consular\/san-pedro-sula\/#\/schema\/person\/eb38ad8c2f8e6f33c9922a58d63a9844","name":"Melinton Jim\u00e9nez Salvador","image":{"@type":"ImageObject","inLanguage":"en-US","@id":"https:\/\/secure.gravatar.com\/avatar\/b3012c2883f3ebcf5b716cb851d7c9a9c3a90a627e88fcc5b49074c5a0b6fff7?s=96&d=mm&r=g","url":"https:\/\/secure.gravatar.com\/avatar\/b3012c2883f3ebcf5b716cb851d7c9a9c3a90a627e88fcc5b49074c5a0b6fff7?s=96&d=mm&r=g","contentUrl":"https:\/\/secure.gravatar.com\/avatar\/b3012c2883f3ebcf5b716cb851d7c9a9c3a90a627e88fcc5b49074c5a0b6fff7?s=96&d=mm&r=g","caption":"Melinton Jim\u00e9nez Salvador"}}]}},"_links":{"self":[{"href":"https:\/\/hnd.mirex.gob.do\/consular\/san-pedro-sula\/wp-json\/wp\/v2\/posts\/6180","targetHints":{"allow":["GET"]}}],"collection":[{"href":"https:\/\/hnd.mirex.gob.do\/consular\/san-pedro-sula\/wp-json\/wp\/v2\/posts"}],"about":[{"href":"https:\/\/hnd.mirex.gob.do\/consular\/san-pedro-sula\/wp-json\/wp\/v2\/types\/post"}],"author":[{"embeddable":true,"href":"https:\/\/hnd.mirex.gob.do\/consular\/san-pedro-sula\/wp-json\/wp\/v2\/users\/8"}],"replies":[{"embeddable":true,"href":"https:\/\/hnd.mirex.gob.do\/consular\/san-pedro-sula\/wp-json\/wp\/v2\/comments?post=6180"}],"version-history":[{"count":1,"href":"https:\/\/hnd.mirex.gob.do\/consular\/san-pedro-sula\/wp-json\/wp\/v2\/posts\/6180\/revisions"}],"predecessor-version":[{"id":6182,"href":"https:\/\/hnd.mirex.gob.do\/consular\/san-pedro-sula\/wp-json\/wp\/v2\/posts\/6180\/revisions\/6182"}],"wp:featuredmedia":[{"embeddable":true,"href":"https:\/\/hnd.mirex.gob.do\/consular\/san-pedro-sula\/wp-json\/wp\/v2\/media\/6181"}],"wp:attachment":[{"href":"https:\/\/hnd.mirex.gob.do\/consular\/san-pedro-sula\/wp-json\/wp\/v2\/media?parent=6180"}],"wp:term":[{"taxonomy":"category","embeddable":true,"href":"https:\/\/hnd.mirex.gob.do\/consular\/san-pedro-sula\/wp-json\/wp\/v2\/categories?post=6180"},{"taxonomy":"post_tag","embeddable":true,"href":"https:\/\/hnd.mirex.gob.do\/consular\/san-pedro-sula\/wp-json\/wp\/v2\/tags?post=6180"}],"curies":[{"name":"wp","href":"https:\/\/api.w.org\/{rel}","templated":true}]}}